{"id":88006,"date":"2022-03-18T09:27:19","date_gmt":"2022-03-18T08:27:19","guid":{"rendered":"https:\/\/www.fisifvg.org\/?p=88006"},"modified":"2022-03-18T09:27:19","modified_gmt":"2022-03-18T08:27:19","slug":"posticipato-di-due-giorni-il-programma-del-memorial-fosson","status":"publish","type":"post","link":"https:\/\/comitati.fisi.org\/friuli-venezia-giulia\/blog\/2022\/03\/18\/posticipato-di-due-giorni-il-programma-del-memorial-fosson\/","title":{"rendered":"Posticipato di due giorni il programma del Memorial Fosson"},"content":{"rendered":"<p>Meno di un mese alla dodicesima edizione del Memorial Fosson che si svolger\u00e0 a Pila dall\u201911 al 13 aprile.<br \/>\nRispetto al programma iniziale la manifestazione giovanile di sci alpino \u00e8 slittata avanti di due giorni per motivi organizzativi legati, ancora una volta, alla grande partecipazione.<\/p>\n<p>Chiuse nei giorni scorsi le adesioni degli sci club. Al comitato organizzatore sono giunte richieste da parte di 60 societ\u00e0 sportive che hanno chiesto di poter iscrivere circa 100 squadre. Ora toccher\u00e0 allo sci club Aosta assegnare i posti in base al regolamento inserito nell\u2019Agenda dello Sciatore Fisi e a verificare che tutte le societ\u00e0 abbiano i requisiti per poter partecipare. \u00c8 ancora presto per conoscere il numero degli atleti che garegger\u00e0 sulle piste valdostane; per certo saranno ancora una volta moltissimi.<\/p>\n<p>Il Memorial Fosson ora \u00e8 anche Criterium Italiano a squadre riconosciuto dalla Federazione Italiana Sport Invernali. L\u2019evento riservato a Ragazzi e Allievi ha sempre aperto la stagione, tranne lo scorso anno, spostato ad aprile per colpa dell\u2019emergenza sanitaria. Una prima volta che \u00e8 stata sufficiente per capire, anche grazie al feedback di numerosi allenatori, su quale linea proseguire.<\/p>\n<p>Il Memorial Fosson ha cos\u00ec trovato una nuova collocazione all\u2019interno del calendario nazionale, diventando appuntamento ancora pi\u00f9 sentito per chi si contender\u00e0 la vittoria e allo stesso tempo una grande festa di fine stagione per i giovani sciatori che in caso contrario avrebbero concluso anzitempo la stagione.<\/p>\n<p>La formula della gara a squadre resta invariata, con regolamento leggermente rivisto in accordo con la Federazione. Ogni Comitato regionale ha il diritto a iscrivere almeno 2 formazioni, la squadra \u00e8 considerata tale se schiera almeno 1 atleta per categoria (1 Ragazza, 1 Ragazzo, 1 Allieva, 1 Allievo) e non pi\u00f9 di 12 (3 per categoria). Non verranno accettati atleti individualisti e non ci saranno premiazioni individuali. Verranno premiate le migliori squadre del Criterium Italiano, le prime formazioni under 14, under 16 e i primi tre Comitati regionali.<\/p>\n<p><em><strong>(Photo Pierre Lucianaz)<\/strong><\/em><\/p>\n<p>&nbsp;<\/p>\n","protected":false},"excerpt":{"rendered":"<p>La manifestazione valdostana riservata ai Children si svolger\u00e0 dall&#8217;11 al 13 aprile<\/p>\n","protected":false},"author":4,"featured_media":88007,"comment_status":"closed","ping_status":"closed","sticky":false,"template":"","format":"standard","meta":{"_acf_changed":false,"footnotes":""},"categories":[10,15],"tags":[],"acf":[],"_links":{"self":[{"href":"https:\/\/comitati.fisi.org\/friuli-venezia-giulia\/wp-json\/wp\/v2\/posts\/88006"}],"collection":[{"href":"https:\/\/comitati.fisi.org\/friuli-venezia-giulia\/wp-json\/wp\/v2\/posts"}],"about":[{"href":"https:\/\/comitati.fisi.org\/friuli-venezia-giulia\/wp-json\/wp\/v2\/types\/post"}],"author":[{"embeddable":true,"href":"https:\/\/comitati.fisi.org\/friuli-venezia-giulia\/wp-json\/wp\/v2\/users\/4"}],"replies":[{"embeddable":true,"href":"https:\/\/comitati.fisi.org\/friuli-venezia-giulia\/wp-json\/wp\/v2\/comments?post=88006"}],"version-history":[{"count":0,"href":"https:\/\/comitati.fisi.org\/friuli-venezia-giulia\/wp-json\/wp\/v2\/posts\/88006\/revisions"}],"wp:featuredmedia":[{"embeddable":true,"href":"https:\/\/comitati.fisi.org\/friuli-venezia-giulia\/wp-json\/wp\/v2\/media\/88007"}],"wp:attachment":[{"href":"https:\/\/comitati.fisi.org\/friuli-venezia-giulia\/wp-json\/wp\/v2\/media?parent=88006"}],"wp:term":[{"taxonomy":"category","embeddable":true,"href":"https:\/\/comitati.fisi.org\/friuli-venezia-giulia\/wp-json\/wp\/v2\/categories?post=88006"},{"taxonomy":"post_tag","embeddable":true,"href":"https:\/\/comitati.fisi.org\/friuli-venezia-giulia\/wp-json\/wp\/v2\/tags?post=88006"}],"curies":[{"name":"wp","href":"https:\/\/api.w.org\/{rel}","templated":true}]}}