{"id":87989,"date":"2022-03-16T17:37:26","date_gmt":"2022-03-16T16:37:26","guid":{"rendered":"https:\/\/www.fisifvg.org\/?p=87989"},"modified":"2022-03-16T17:37:26","modified_gmt":"2022-03-16T16:37:26","slug":"chiusura-anticipata-per-gli-impianti-di-risalita-della-regione","status":"publish","type":"post","link":"https:\/\/comitati.fisi.org\/friuli-venezia-giulia\/blog\/2022\/03\/16\/chiusura-anticipata-per-gli-impianti-di-risalita-della-regione\/","title":{"rendered":"Chiusura anticipata per gli impianti di risalita della regione"},"content":{"rendered":"<p><em><strong>Riceviamo e pubblichiamo la comunicazione di PromoTurismoFVG.<\/strong><\/em><\/p>\n<p style=\"font-weight: 400\">Il Friuli Venezia Giulia ha deciso di <strong>chiudere la stagione invernale con una settimana d\u2019anticipo rispetto al programma<\/strong>\u00a0e alle date previste per domenica 3 aprile e per il 25 aprile a Sella Nevea. Il nuovo calendario prevede che i poli di\u00a0<strong>Forni di Sopra-Sauris<\/strong>\u00a0e\u00a0<strong>Sappada<\/strong>\u00a0terminino le attivit\u00e0 il 27 marzo, mentre nelle altre stazioni sciistiche (<strong>Tarvisio, Zoncolan, Piancavallo<\/strong>) dal 28 marzo al 3 aprile il numero di impianti aperti sar\u00e0 ridotto e le piste a disposizione degli appassionati potrebbero subire comunque delle chiusure gi\u00e0 dalla prossima settimana, qualora le condizioni non siano pi\u00f9 ottimali.<\/p>\n<p style=\"font-weight: 400\">A rimanere in attivit\u00e0, dal 28 marzo al 3 aprile saranno dunque\u00a0<strong>Tarvisio<\/strong>, con la telecabina Lussari e la seggiovia Nuova Tarvisio,\u00a0<strong>Zoncolan,\u00a0<\/strong>con Funifor Ravascletto e la seggiovia Valvan (lato Ravascletto chiusa la pista di rientro, lato Sutrio aperte 1,2,4) e\u00a0<strong>Piancavallo<\/strong>, in cui saranno a disposizione degli sciatori le seggiovie Casere e Busa Grande.<\/p>\n<p style=\"font-weight: 400\">Il polo di\u00a0<strong>Sella Nevea<\/strong>\u00a0terr\u00e0 aperto sino a luned\u00ec 18 aprile incluso, a Pasquetta, ma dal 28 marzo rimarranno aperti solo la telecabina e Funifor.<\/p>\n<p style=\"font-weight: 400\">&#8220;La decisione di anticipare la chiusura della stagione invernale di una settimana \u00e8 stata quella di dare <strong>un segnale di ottimizzazione delle risorse<\/strong>, sia sul fronte delle materie prime (energia elettrica e carburante), sia sul lato del personale &#8211; si legge in una nota di PromoturismoFvg . Gi\u00e0 da questa settimana si sono verificate le prime limitazioni a Sappada, con gli impianti di Sappada 2000 che hanno chiuso in anticipo e il parco giochi Nevelandia accessibile solo nei weekend del 19 e 20 marzo, 26 e 27 marzo e 2 e 3 aprile, compatibilmente con le condizioni niveo-meteorologiche&#8221;. <a href=\"https:\/\/www.studionord.news\/costi-energia-e-carburante-chiusura-anticipata-per-gli-impianti-sciistici-fvg\/\">Proprio ieri sul tema era intervenuto il consigliere regionale Enzo Marsilio<\/a>.<\/p>\n<p style=\"font-weight: 400\">Rimane comunque valida fino a fine stagione la\u00a0<strong>promozione sui giornalieri<\/strong>\u00a0che consente di sciare a prezzo ridotto i marted\u00ec e mercoled\u00ec (con uno sconto del 30 per cento acquistando il giornaliero online, e del 20 per cento direttamente alle casse dei poli) e\u00a0<strong>continuano a rimanere obbligatori il green pass rafforzato e<\/strong>\u00a0<strong>l\u2019utilizzo di<\/strong>\u00a0<strong>mascherina Ffp2<\/strong>\u00a0su quelli \u201cchiusi\u201d (telecabine, funivie, seggiovie a cupola abbassata, tappeti coperti) e mascherina, anche chirurgica, su tutti quelli aperti.<\/p>\n<p style=\"font-weight: 400\">Per rimanere sempre aggiornati sulle aperture dei comprensori \u00e8 possibile accedere alla sezione Infoneve,\u00a0<a href=\"https:\/\/www.turismofvg.it\/montagna\/infoneve\" data-saferedirecturl=\"https:\/\/www.google.com\/url?q=https:\/\/www.turismofvg.it\/montagna\/infoneve&amp;source=gmail&amp;ust=1647516504224000&amp;usg=AOvVaw0XoPsBUxdxYrwEQfxAL0dO\">www.turismofvg.it\/montagna\/infoneve<\/a>.<\/p>\n<p>&nbsp;<\/p>\n","protected":false},"excerpt":{"rendered":"<p>&#8220;A seguito di attente analisi e ponderate valutazioni, al fine di garantire una ottimizzazione delle risorse in questo particolare momento storico&#8221;, spiegano da PromoTurismoFVG <\/p>\n","protected":false},"author":4,"featured_media":83319,"comment_status":"closed","ping_status":"closed","sticky":false,"template":"","format":"standard","meta":{"_acf_changed":false,"footnotes":""},"categories":[10,17],"tags":[],"acf":[],"_links":{"self":[{"href":"https:\/\/comitati.fisi.org\/friuli-venezia-giulia\/wp-json\/wp\/v2\/posts\/87989"}],"collection":[{"href":"https:\/\/comitati.fisi.org\/friuli-venezia-giulia\/wp-json\/wp\/v2\/posts"}],"about":[{"href":"https:\/\/comitati.fisi.org\/friuli-venezia-giulia\/wp-json\/wp\/v2\/types\/post"}],"author":[{"embeddable":true,"href":"https:\/\/comitati.fisi.org\/friuli-venezia-giulia\/wp-json\/wp\/v2\/users\/4"}],"replies":[{"embeddable":true,"href":"https:\/\/comitati.fisi.org\/friuli-venezia-giulia\/wp-json\/wp\/v2\/comments?post=87989"}],"version-history":[{"count":0,"href":"https:\/\/comitati.fisi.org\/friuli-venezia-giulia\/wp-json\/wp\/v2\/posts\/87989\/revisions"}],"wp:featuredmedia":[{"embeddable":true,"href":"https:\/\/comitati.fisi.org\/friuli-venezia-giulia\/wp-json\/wp\/v2\/media\/83319"}],"wp:attachment":[{"href":"https:\/\/comitati.fisi.org\/friuli-venezia-giulia\/wp-json\/wp\/v2\/media?parent=87989"}],"wp:term":[{"taxonomy":"category","embeddable":true,"href":"https:\/\/comitati.fisi.org\/friuli-venezia-giulia\/wp-json\/wp\/v2\/categories?post=87989"},{"taxonomy":"post_tag","embeddable":true,"href":"https:\/\/comitati.fisi.org\/friuli-venezia-giulia\/wp-json\/wp\/v2\/tags?post=87989"}],"curies":[{"name":"wp","href":"https:\/\/api.w.org\/{rel}","templated":true}]}}