{"id":87935,"date":"2022-03-15T10:16:33","date_gmt":"2022-03-15T09:16:33","guid":{"rendered":"https:\/\/www.fisifvg.org\/?p=87935"},"modified":"2022-03-15T10:16:33","modified_gmt":"2022-03-15T09:16:33","slug":"eyof-fvg-2023-terza-visita-in-regione-della-commissione-coe","status":"publish","type":"post","link":"https:\/\/comitati.fisi.org\/friuli-venezia-giulia\/blog\/2022\/03\/15\/eyof-fvg-2023-terza-visita-in-regione-della-commissione-coe\/","title":{"rendered":"EYOF FVG 2023, terza visita in regione della commissione COE"},"content":{"rendered":"<p align=\"JUSTIFY\">Terza visita esplorativa in regione della commissione controllo del COE (Associazione Comitati Olimpici Europei). La delegazione, composta dal presidente Borut Kolaric, dal direttore sports Peter Brull e dai membri Mamuka Khabareli e Joseph Cassar, ha trascorso 5 giorni, dall&#8217;8 al 12 marzo, a ispezionare altre sedi di gara e localit\u00e0 coinvolte nel Festival olimpico invernale della giovent\u00f9 europea, che si terr\u00e0 dal 21 al 28 gennaio del prossimo anno e che vedr\u00e0 la partecipazione di giovani atleti (dai 14 ai 18 anni) provenienti da 48 paesi.<\/p>\n<p align=\"JUSTIFY\">Il gruppo di lavoro europeo \u00e8 stato accompagnato in questo tour dal presidente Eyof 2023 <em>Maurizio Dunnhofer,<\/em> dal vicepresidente <em>Giorgio Brandolin<\/em> e dal direttore generale <em>Giorgio<\/em> <em>Kaidisch. <\/em>La visita \u00e8 iniziata marted\u00ec 8 marzo all&#8217;Eissportarena di Spittal, in Austria, che ospiter\u00e0 gli incontri del torneo di hockey femminile. La seconda tappa \u00e8 stata Udine, presso la HALL 6 della Fiera del capoluogo friulano per verificare di persona la struttura dove si terranno le partite di hockey maschile. La terza giornata \u00e8 stata dedicata alle localit\u00e0 carniche di Ravascletto\/Zoncolan, sedi del freestyle e ski-cross e di Forni di Sopra, centro dedicato allo sci alpinismo. Venerd\u00ec 11 e sabato 12 la commissione si \u00e8 recata al palaghiaccio \u201cAlceo Della Valentina\u201d di Claut, l&#8217;Arena del curling per poi spostarsi a Piancavallo per assistere alle gare della Coppa del mondo di snowboard, disciplina che il polo sciistico avianese ospiter\u00e0 in occasione di Eyof 2023. Oltre a verificare gli impianti di gara, i membri COE hanno voluto anche controllare alcune strutture ricettive e approffondire altri aspetti logistici.<\/p>\n<p align=\"JUSTIFY\">Al termine della visita <em>Borut Kolaric<\/em>, si \u00e8 detto molto soddisfatto del lavoro fatto fino ad oggi da parte del comitato esecutivo di Eyof 2023. Considerazioni riprese dal direttore sports <em>Peter Brull: &#8220;Sono sicuro che alcuni atleti protagonisti qui in Friuli Venezia Giulia nel 2023 lo saranno anche ai giochi olimpici di Milano-Cortina 2026&#8221;<\/em>, le sue parole. Brull ha anche affermato che le competizioni di Eyof FVG 2023 potrebbero gi\u00e0 iniziare oggi, dopo i cinque giorni di ispezione.<\/p>\n<p align=\"JUSTIFY\"><em><strong>(nella foto il gruppo Eyof 2023 a Piancavallo)<\/strong><\/em><\/p>\n<p align=\"JUSTIFY\">\n","protected":false},"excerpt":{"rendered":"<p>Soddisfazione \u00e8 stata espressa da parte del presidente dell&#8217;Associazione Comitati Olimpici Europei Kolaric<\/p>\n","protected":false},"author":4,"featured_media":87936,"comment_status":"closed","ping_status":"closed","sticky":false,"template":"","format":"standard","meta":{"_acf_changed":false,"footnotes":""},"categories":[24,10],"tags":[],"acf":[],"_links":{"self":[{"href":"https:\/\/comitati.fisi.org\/friuli-venezia-giulia\/wp-json\/wp\/v2\/posts\/87935"}],"collection":[{"href":"https:\/\/comitati.fisi.org\/friuli-venezia-giulia\/wp-json\/wp\/v2\/posts"}],"about":[{"href":"https:\/\/comitati.fisi.org\/friuli-venezia-giulia\/wp-json\/wp\/v2\/types\/post"}],"author":[{"embeddable":true,"href":"https:\/\/comitati.fisi.org\/friuli-venezia-giulia\/wp-json\/wp\/v2\/users\/4"}],"replies":[{"embeddable":true,"href":"https:\/\/comitati.fisi.org\/friuli-venezia-giulia\/wp-json\/wp\/v2\/comments?post=87935"}],"version-history":[{"count":0,"href":"https:\/\/comitati.fisi.org\/friuli-venezia-giulia\/wp-json\/wp\/v2\/posts\/87935\/revisions"}],"wp:featuredmedia":[{"embeddable":true,"href":"https:\/\/comitati.fisi.org\/friuli-venezia-giulia\/wp-json\/wp\/v2\/media\/87936"}],"wp:attachment":[{"href":"https:\/\/comitati.fisi.org\/friuli-venezia-giulia\/wp-json\/wp\/v2\/media?parent=87935"}],"wp:term":[{"taxonomy":"category","embeddable":true,"href":"https:\/\/comitati.fisi.org\/friuli-venezia-giulia\/wp-json\/wp\/v2\/categories?post=87935"},{"taxonomy":"post_tag","embeddable":true,"href":"https:\/\/comitati.fisi.org\/friuli-venezia-giulia\/wp-json\/wp\/v2\/tags?post=87935"}],"curies":[{"name":"wp","href":"https:\/\/api.w.org\/{rel}","templated":true}]}}