{"id":87920,"date":"2022-03-14T15:31:20","date_gmt":"2022-03-14T14:31:20","guid":{"rendered":"https:\/\/www.fisifvg.org\/?p=87920"},"modified":"2022-03-14T15:31:20","modified_gmt":"2022-03-14T14:31:20","slug":"tarvisio-pronta-per-la-finale-nazionale-del-gran-premio-giovanissimi","status":"publish","type":"post","link":"https:\/\/comitati.fisi.org\/friuli-venezia-giulia\/blog\/2022\/03\/14\/tarvisio-pronta-per-la-finale-nazionale-del-gran-premio-giovanissimi\/","title":{"rendered":"Tarvisio pronta per la finale nazionale del Gran Premio Giovanissimi"},"content":{"rendered":"<p><em><strong>Proponiamo il comunicato dell&#8217;Ufficio Stampa della Regione Friuli Venezia Giulia.<\/strong><\/em><\/p>\n<p>&#8220;Siamo molto contenti che sia stata assegnata a Tarvisio anche questa importante manifestazione sportiva, superando altre localit\u00e0 italiane molto blasonate. Si tratta dell&#8217;ennesima dimostrazione della forte attrattivit\u00e0 esercitata dalle localit\u00e0 montane del Friuli Venezia Giulia. \u00c8 una grande soddisfazione ospitare quasi 2mila bambini e le loro famiglie. I valori dello sport sono infatti fondamentali per creare le nostre comunit\u00e0 di domani soprattutto in un momento cos\u00ec difficile come quello che stiamo vivendo&#8221;.<\/p>\n<p>Lo ha affermato oggi a Trieste il governatore, Massimiliano Fedriga, durante la presentazione della 44esima edizione del GranPremio Giovanissimi Kinder Joy of Moving &#8211; Trofeo Silver\u00aeCare, la pi\u00f9 importante competizione di sci e snowboard rivolta ai giovani allievi delle Scuole italiane Sci, in programma a Tarvisio dal 18 al 20 marzo 2022.<\/p>\n<p>&#8220;Stiamo vivendo una situazione drammatica a livello internazionale &#8211; ha ricordato Fedriga -. Lo sport sa unire e trasmettere i principi del confronto, della pace e anche della sconfitta e della capacit\u00e0 di sapersi rialzare. Ci auguriamo che i ragazzi che si troveranno in gara a Tarvisio possano insegnarci nel futuro cose molto diverse da quelle che stiamo vedendo&#8221;.<\/p>\n<p>Nel corso della conferenza stampa \u00e8 stato ricordato che Tarvisio aveva gi\u00e0 ospitato il GranPremio Giovanissimi nel 2005 e nel 2007. Quest&#8217;anno la Scuola italiana Sci e Snowboard Tarvisio e Amsi Fvg, in collaborazione con la Regione Friuli Venezia Giulia, il Comune di Tarvisio, il Consorzio di Promozione Turistica del Tarvisiano e PromoTurismoFVG organizzano nuovamente nella localit\u00e0 montana della Valcanale questo grande evento che da oltre 40 anni \u00e8 considerato l&#8217;appuntamento dello sci giovanile pi\u00f9 importante in Italia.<\/p>\n<p>Sono attesi infatti oltre 1.800 bambini tra i 9 e 12 anni che indosseranno i pettorali nelle gare di sci alpino, sci di fondo e snowboard. Testimonial d&#8217;eccezione dell&#8217;evento saranno i campioni azzurri dello sci Gabriella Paruzzi, Kristian Ghedina e Max Blardone.<\/p>\n<div class=\"x-video player\" data-x-element-mejs><div class=\"x-video-inner\"><video class=\"x-mejs x-wp-video-shortcode advanced-controls\" id=\"video-87920-1\" width=\"720\" height=\"406\" preload=\"metadata\" controls=\"controls\"><source type=\"video\/mp4\" src=\"http:\/\/comitati.fisi.org\/friuli-venezia-giulia\/wp-content\/uploads\/sites\/34\/2022\/03\/164726911755003-14-Fedriga-a-conferenza-stampa-48esimo-Gran-Premio-Giovanissimi-logo-video-converter.com_.flv.mp4?_=1\" \/><\/video><\/div><\/div>\n<p>&nbsp;<\/p>\n","protected":false},"excerpt":{"rendered":"<p>Oggi la conferenza stampa alla presenza del presidente della Regione Massimiliano Fedriga<\/p>\n","protected":false},"author":4,"featured_media":87921,"comment_status":"closed","ping_status":"closed","sticky":false,"template":"","format":"standard","meta":{"_acf_changed":false,"footnotes":""},"categories":[10,17],"tags":[],"acf":[],"_links":{"self":[{"href":"https:\/\/comitati.fisi.org\/friuli-venezia-giulia\/wp-json\/wp\/v2\/posts\/87920"}],"collection":[{"href":"https:\/\/comitati.fisi.org\/friuli-venezia-giulia\/wp-json\/wp\/v2\/posts"}],"about":[{"href":"https:\/\/comitati.fisi.org\/friuli-venezia-giulia\/wp-json\/wp\/v2\/types\/post"}],"author":[{"embeddable":true,"href":"https:\/\/comitati.fisi.org\/friuli-venezia-giulia\/wp-json\/wp\/v2\/users\/4"}],"replies":[{"embeddable":true,"href":"https:\/\/comitati.fisi.org\/friuli-venezia-giulia\/wp-json\/wp\/v2\/comments?post=87920"}],"version-history":[{"count":0,"href":"https:\/\/comitati.fisi.org\/friuli-venezia-giulia\/wp-json\/wp\/v2\/posts\/87920\/revisions"}],"wp:featuredmedia":[{"embeddable":true,"href":"https:\/\/comitati.fisi.org\/friuli-venezia-giulia\/wp-json\/wp\/v2\/media\/87921"}],"wp:attachment":[{"href":"https:\/\/comitati.fisi.org\/friuli-venezia-giulia\/wp-json\/wp\/v2\/media?parent=87920"}],"wp:term":[{"taxonomy":"category","embeddable":true,"href":"https:\/\/comitati.fisi.org\/friuli-venezia-giulia\/wp-json\/wp\/v2\/categories?post=87920"},{"taxonomy":"post_tag","embeddable":true,"href":"https:\/\/comitati.fisi.org\/friuli-venezia-giulia\/wp-json\/wp\/v2\/tags?post=87920"}],"curies":[{"name":"wp","href":"https:\/\/api.w.org\/{rel}","templated":true}]}}