{"id":87610,"date":"2022-03-11T14:37:54","date_gmt":"2022-03-11T13:37:54","guid":{"rendered":"https:\/\/www.fisifvg.org\/?p=87610"},"modified":"2022-03-11T14:37:54","modified_gmt":"2022-03-11T13:37:54","slug":"vozza-sabidussi-ottave-nello-slalom-gigante-delle-paralimpiadi","status":"publish","type":"post","link":"https:\/\/comitati.fisi.org\/friuli-venezia-giulia\/blog\/2022\/03\/11\/vozza-sabidussi-ottave-nello-slalom-gigante-delle-paralimpiadi\/","title":{"rendered":"Vozza-Sabidussi ottave nello slalom gigante delle Paralimpiadi"},"content":{"rendered":"<p>Siamo alla fase finale delle Paralimpiadi di Pechino 2022.<\/p>\n<p>Oggi nello slalom gigante femminile di categoria Vision Impaired ottavo posto per Martina Vozza (guida Ylenia Sabidussi), che ha fermato il tempo sul 2:08.83 (la monfalconese aveva chiuso in ottava posizione anche la prima manche con 1:03.20). L\u2019oro \u00e8 andato alle austriache Veronika Aigner ed Elisabeth Aigner (1:52.54), l\u2019argento alle cinesi Daquing Zhu e Hanan Yan (1:59.85), il bronzo alle altre austriache Barbara Aigner e Klara Sykora (1:59.93).<\/p>\n<p>Dopo le cadute nelle prime gare, la Vozza dichiara: \u201cSono contenta di essere arrivata al traguardo. Nella seconda manche sono partita meglio rispetto alla prima ma devo trovare il modo di partire e sciare in gara come faccio in allenamento. Non penso di essermi del tutto sbloccata, anche se, come dicevo, la seconda manche \u00e8 andata decisamente meglio. Domani c\u2019\u00e8 lo slalom, una specialit\u00e0 che prediligo rispetto al gigante e dove cercher\u00f2 di partire al massimo e dare tutto\u201d.<\/p>\n<p>Ylenia Sabidussi analizza cos\u00ec la gara: \u201cLa prima manche non \u00e8 andata tanto bene ma nella seconda Martina ha fatto vedere qualcosa in pi\u00f9 e sono convinta che nel momento in cui riuscir\u00e0 a gestire le emozioni in partenza far\u00e0 vedere qualcosa di veramente grande. Tecnicamente c\u2019\u00e8 da migliorare ma c\u2019\u00e8 tanto da migliorare anche in quelle che vincono. Sicuramente bisogna lavorare molto sulla testa. Domani ci aspetta lo slalom che ci piace pi\u00f9 del gigante e che affronteremo con l\u2019atteggiamento giusto\u201d.<\/p>\n<p>&nbsp;<\/p>\n","protected":false},"excerpt":{"rendered":"<p>&#8220;Nella seconda manche sono partita meglio rispetto alla prima ma devo trovare il modo di partire e sciare in gara come faccio in allenamento&#8221;, dice la monfalconese<\/p>\n","protected":false},"author":4,"featured_media":87572,"comment_status":"closed","ping_status":"closed","sticky":false,"template":"","format":"standard","meta":{"_acf_changed":false,"footnotes":""},"categories":[10,17],"tags":[],"acf":[],"_links":{"self":[{"href":"https:\/\/comitati.fisi.org\/friuli-venezia-giulia\/wp-json\/wp\/v2\/posts\/87610"}],"collection":[{"href":"https:\/\/comitati.fisi.org\/friuli-venezia-giulia\/wp-json\/wp\/v2\/posts"}],"about":[{"href":"https:\/\/comitati.fisi.org\/friuli-venezia-giulia\/wp-json\/wp\/v2\/types\/post"}],"author":[{"embeddable":true,"href":"https:\/\/comitati.fisi.org\/friuli-venezia-giulia\/wp-json\/wp\/v2\/users\/4"}],"replies":[{"embeddable":true,"href":"https:\/\/comitati.fisi.org\/friuli-venezia-giulia\/wp-json\/wp\/v2\/comments?post=87610"}],"version-history":[{"count":0,"href":"https:\/\/comitati.fisi.org\/friuli-venezia-giulia\/wp-json\/wp\/v2\/posts\/87610\/revisions"}],"wp:featuredmedia":[{"embeddable":true,"href":"https:\/\/comitati.fisi.org\/friuli-venezia-giulia\/wp-json\/wp\/v2\/media\/87572"}],"wp:attachment":[{"href":"https:\/\/comitati.fisi.org\/friuli-venezia-giulia\/wp-json\/wp\/v2\/media?parent=87610"}],"wp:term":[{"taxonomy":"category","embeddable":true,"href":"https:\/\/comitati.fisi.org\/friuli-venezia-giulia\/wp-json\/wp\/v2\/categories?post=87610"},{"taxonomy":"post_tag","embeddable":true,"href":"https:\/\/comitati.fisi.org\/friuli-venezia-giulia\/wp-json\/wp\/v2\/tags?post=87610"}],"curies":[{"name":"wp","href":"https:\/\/api.w.org\/{rel}","templated":true}]}}