{"id":87537,"date":"2022-03-09T12:17:24","date_gmt":"2022-03-09T11:17:24","guid":{"rendered":"https:\/\/www.fisifvg.org\/?p=87537"},"modified":"2022-03-09T12:17:24","modified_gmt":"2022-03-09T11:17:24","slug":"cappellari-e-i-faunerl-al-gran-finale-di-ibu-cup-in-val-ridanna","status":"publish","type":"post","link":"https:\/\/comitati.fisi.org\/friuli-venezia-giulia\/blog\/2022\/03\/09\/cappellari-e-i-faunerl-al-gran-finale-di-ibu-cup-in-val-ridanna\/","title":{"rendered":"Cappellari e i Fauner al gran finale di IBU Cup in Val Ridanna"},"content":{"rendered":"<div class=\"pt-4 pb-5\">\n<p>A Ridanna andr\u00e0 di nuovo in scena una tappa dell\u2019IBU Cup dopo due anni, dal 10 al 13 marzo.<\/p>\n<p>Dato che l\u2019ondata della variante Omicron in Italia continua a calare e molti aspetti indicano che in tutta Europa si vada verso un lento ma inesorabile ritorno alla normalit\u00e0, l\u2019Azienda sanitaria dell\u2019Alto Adige in stretto confronto con la Giunta provinciale ha dato semaforo verde al rinomato evento sportivo. \u201cIl piano di sicurezza \u00e8 pronto e viene continuamente adattato e aggiornato. Al momento sotto questo aspetto nulla impedir\u00e0 lo svolgersi dell\u2019IBU Cup dal 10 al 13 marzo. Nella stagione scorsa purtroppo abbiamo dovuto lasciar stare a causa della pandemia e proprio per questo motivo adesso l\u2019aspettativa \u00e8 grande\u201d, afferma il direttore di gara Manuel Volgger.<\/p>\n<p>L\u2019edizione di quest\u2019anno coincide con il gran finale stagionale dell\u2019IBU Cup. In Val Ridanna non saranno proclamati soltanto i vincitori di giornata, ma anche quelli delle classifiche generali e di disciplina. Anche le condizioni della neve sono perfette e calzano alla perfezione alle circostanze.<\/p>\n<p>Per questo la recente notizia, che tutte le competizioni dell\u2019IBU Cup nella roccaforte altoatesina del biathlon saranno trasmesse in diretta streaming su Ibu.tv, non sarebbe potuta arrivare in un momento migliore. \u201cQuesta \u00e8 una pubblicit\u00e0 impagabile per Ridanna, per tutta l\u2019Alta Val d\u2019Isarco e per l\u2019Alto Adige. Le immagini saranno trasmesse in mercati molto importanti per l\u2019Alto Adige, come per esempio la Germania, ma anche in Paesi dell\u2019Europa dell\u2019Est, come la Repubblica Ceca, la Polonia o la Slovacchia\u201d, spiega Volgger.<\/p>\n<p>Il programma delle gare a Ridanna prevede sei competizioni. Dopo due giornate di allenamenti gioved\u00ec 10 marzo andranno in scena le gare sprint. Alle ore 10.30 inizier\u00e0 la gara pi\u00f9 corta per le biatlete, che percorreranno 7,5 chilometri di pista sugli sci e andranno al bersaglio 2 volte. Nel primo pomeriggio, alle ore 14, partir\u00e0 la sprint maschile (10 km). Venerd\u00ec le atlete e gli atleti potranno riposare e si proseguir\u00e0 sabato 12 marzo con le gare pursuit. Anche allora partiranno per prime le biatlete, alle ore 10.30 (10 km, quattro sessioni di tiro), mentre i biatleti scenderanno in campo alle ore 13 (12,5 km). L\u2019IBU Cup a Ridanna si concluder\u00e0 domenica 13 marzo con due gare a staffetta. Alle ore 10.30 si svolger\u00e0 la staffetta singola mista, alle ore 13 la staffetta mista.<\/p>\n<p>Saranno presenti a rappresentare l\u2019Italia Patrick Braunhofer, <strong>Daniele Cappellari, Daniele Fauner,<\/strong> Cedric Christille, Michele Molinari, <strong>Eleonora Fauner,<\/strong> Michela Carrara, Martina Trabucchi, Gaia Brunetto, Beatrice Trabucchi e Linda Zingerle.<\/p>\n<p><em><strong>(nella foto Eleonora Fauner)<\/strong><\/em><\/p>\n<p>&nbsp;<\/p>\n<\/div>\n","protected":false},"excerpt":{"rendered":"<p>Tutte le gare saranno trasmesse in diretta sul sito della Federazione internazionale<\/p>\n","protected":false},"author":4,"featured_media":64208,"comment_status":"closed","ping_status":"closed","sticky":false,"template":"","format":"standard","meta":{"_acf_changed":false,"footnotes":""},"categories":[13],"tags":[],"acf":[],"_links":{"self":[{"href":"https:\/\/comitati.fisi.org\/friuli-venezia-giulia\/wp-json\/wp\/v2\/posts\/87537"}],"collection":[{"href":"https:\/\/comitati.fisi.org\/friuli-venezia-giulia\/wp-json\/wp\/v2\/posts"}],"about":[{"href":"https:\/\/comitati.fisi.org\/friuli-venezia-giulia\/wp-json\/wp\/v2\/types\/post"}],"author":[{"embeddable":true,"href":"https:\/\/comitati.fisi.org\/friuli-venezia-giulia\/wp-json\/wp\/v2\/users\/4"}],"replies":[{"embeddable":true,"href":"https:\/\/comitati.fisi.org\/friuli-venezia-giulia\/wp-json\/wp\/v2\/comments?post=87537"}],"version-history":[{"count":0,"href":"https:\/\/comitati.fisi.org\/friuli-venezia-giulia\/wp-json\/wp\/v2\/posts\/87537\/revisions"}],"wp:featuredmedia":[{"embeddable":true,"href":"https:\/\/comitati.fisi.org\/friuli-venezia-giulia\/wp-json\/wp\/v2\/media\/64208"}],"wp:attachment":[{"href":"https:\/\/comitati.fisi.org\/friuli-venezia-giulia\/wp-json\/wp\/v2\/media?parent=87537"}],"wp:term":[{"taxonomy":"category","embeddable":true,"href":"https:\/\/comitati.fisi.org\/friuli-venezia-giulia\/wp-json\/wp\/v2\/categories?post=87537"},{"taxonomy":"post_tag","embeddable":true,"href":"https:\/\/comitati.fisi.org\/friuli-venezia-giulia\/wp-json\/wp\/v2\/tags?post=87537"}],"curies":[{"name":"wp","href":"https:\/\/api.w.org\/{rel}","templated":true}]}}