{"id":87501,"date":"2022-03-08T11:29:32","date_gmt":"2022-03-08T10:29:32","guid":{"rendered":"https:\/\/www.fisifvg.org\/?p=87501"},"modified":"2022-03-08T11:29:32","modified_gmt":"2022-03-08T10:29:32","slug":"lisa-vittozzi-al-via-della-penultima-tappa-della-coppa-del-mondo-in-estonia","status":"publish","type":"post","link":"https:\/\/comitati.fisi.org\/friuli-venezia-giulia\/blog\/2022\/03\/08\/lisa-vittozzi-al-via-della-penultima-tappa-della-coppa-del-mondo-in-estonia\/","title":{"rendered":"Lisa Vittozzi al via della penultima tappa della Coppa del Mondo in Estonia"},"content":{"rendered":"<p>Penultimo appuntamento con la Coppa del mondo di biathlon sulla pista estone di Otepae, dove da gioved\u00ec 9 a domenica 13 sono in programma sprint, mass start (specialit\u00e0 nella quale Dorothea Wierer \u00e8 leader con 103 punti davanti alla russa Kristina Reztsova assente per le note vicende extrasportive con 91 e alla francese Julia Simon con 85, quando mancano due gare alla conclusione), staffetta mista e staffetta singola mista.<\/p>\n<p>Il direttore tecnico Fabrizio Curtaz ha convocato Federica Sanfilippo, <strong>Lisa Vittozzi <em>(nella foto)<\/em>,<\/strong> Dorothea Wierer, Samuela Comola fra le donne e Didier Bionaz, Thomas Bormolini, Lukas Hofer, Tommaso Giacomel e Dominik Windisch in campo maschile. La classifica generale vede al comando i francesi Quentin Fillon Maillet ed Emilien Jacquelin con 756 e 582 punti, con Hofer ventesimo a 299 punti, fra le donne Marte Olsbu Roeiseland comanda con 728 punti su Elvira Oeberg con 631, Wierer \u00e8 sesta a quota 508.<\/p>\n<p>&nbsp;<\/p>\n","protected":false},"excerpt":{"rendered":"<p>Da gioved\u00ec 10 a domenica 13 appuntamento a Otepae<\/p>\n","protected":false},"author":4,"featured_media":85721,"comment_status":"closed","ping_status":"closed","sticky":false,"template":"","format":"standard","meta":{"_acf_changed":false,"footnotes":""},"categories":[13],"tags":[],"acf":[],"_links":{"self":[{"href":"https:\/\/comitati.fisi.org\/friuli-venezia-giulia\/wp-json\/wp\/v2\/posts\/87501"}],"collection":[{"href":"https:\/\/comitati.fisi.org\/friuli-venezia-giulia\/wp-json\/wp\/v2\/posts"}],"about":[{"href":"https:\/\/comitati.fisi.org\/friuli-venezia-giulia\/wp-json\/wp\/v2\/types\/post"}],"author":[{"embeddable":true,"href":"https:\/\/comitati.fisi.org\/friuli-venezia-giulia\/wp-json\/wp\/v2\/users\/4"}],"replies":[{"embeddable":true,"href":"https:\/\/comitati.fisi.org\/friuli-venezia-giulia\/wp-json\/wp\/v2\/comments?post=87501"}],"version-history":[{"count":0,"href":"https:\/\/comitati.fisi.org\/friuli-venezia-giulia\/wp-json\/wp\/v2\/posts\/87501\/revisions"}],"wp:featuredmedia":[{"embeddable":true,"href":"https:\/\/comitati.fisi.org\/friuli-venezia-giulia\/wp-json\/wp\/v2\/media\/85721"}],"wp:attachment":[{"href":"https:\/\/comitati.fisi.org\/friuli-venezia-giulia\/wp-json\/wp\/v2\/media?parent=87501"}],"wp:term":[{"taxonomy":"category","embeddable":true,"href":"https:\/\/comitati.fisi.org\/friuli-venezia-giulia\/wp-json\/wp\/v2\/categories?post=87501"},{"taxonomy":"post_tag","embeddable":true,"href":"https:\/\/comitati.fisi.org\/friuli-venezia-giulia\/wp-json\/wp\/v2\/tags?post=87501"}],"curies":[{"name":"wp","href":"https:\/\/api.w.org\/{rel}","templated":true}]}}