{"id":87431,"date":"2022-03-07T08:29:33","date_gmt":"2022-03-07T07:29:33","guid":{"rendered":"https:\/\/www.fisifvg.org\/?p=87431"},"modified":"2022-03-07T08:29:33","modified_gmt":"2022-03-07T07:29:33","slug":"al-via-la-campagna-di-reclutamento-dei-600-volontari-per-eyof-fvg-2023","status":"publish","type":"post","link":"https:\/\/comitati.fisi.org\/friuli-venezia-giulia\/blog\/2022\/03\/07\/al-via-la-campagna-di-reclutamento-dei-600-volontari-per-eyof-fvg-2023\/","title":{"rendered":"Al via la campagna di reclutamento dei 600 volontari per EYOF FVG 2023"},"content":{"rendered":"<p align=\"JUSTIFY\">Il presidente della Regione Friuli Venezia Giulia, <em>Massimiliano Fedriga<\/em>, ha dato ufficialmente il via alla campagna di reclutamento dei 600 volontari che prenderanno parte al Festival olimpico invernale della giovent\u00f9 europea \u2013 Eyof FVG 2023. Un evento sportivo che vedr\u00e0 la partecipazione di un elevato numero di atleti provenienti da 48 nazioni (40 hanno gi\u00e0 confermato la loro presenza), che saranno impegnati in 13 discipline (sci alpino, biathlon, sci di fondo, curling, pattinaggio di figura, free-style, skicross, hockey su ghiaccio, short track, salto con gli sci, sci alpinismo, snowboard e combinata nordica) con 100 competizioni in calendario per 8 giorni di gare. Dal 21 al 28 gennaio tutto il territorio regionale, a partire dai suoi 11 poli sciistici sar\u00e0 coinvolto cos\u00ec come alcune localit\u00e0 confinanti dell&#8217;Austria e della Slovenia.<\/p>\n<p align=\"JUSTIFY\">Un Festival sportivo dedicato ai giovani con l&#8217;obiettivo di renderli protagonisti assoluti di questo grande evento, portando un carico di entusiasmo, energie, spirito, conoscenze e competenze. Il volontari dedicheranno\u00a06 ore quotidiane<strong>\u00a0<\/strong>del proprio tempo nell&#8217;arco delle 8 giornate. Momenti in cui nasceranno delle amicizie e si vivranno nuove esperienze, imparando e confrontandosi con altri giovani provenienti da tutta Europa.<\/p>\n<p align=\"JUSTIFY\">\u201c<em>Essere Volontario EYOF FVG 2023 significher\u00e0 avere la consapevolezza e l\u2019orgoglio di far parte di una grande squadra che dovr\u00e0 saper trasmettere tutta la passione indispensabile per la perfetta organizzazione e riuscita di questo evento sportivo internazionale\u00a0<\/em><em>che ha tutte le carte in regola per essere\u00a0<\/em><em>unico e multiculturale<\/em><strong>\u00a0<\/strong>\u2013 ha sottolineato Fedriga -. <em>Unico ed eccezionale perch\u00e9 stiamo parlando di un appuntamento che vedr\u00e0\u00a0<\/em><em>affermare i valori dello sport quale strumento di crescita individuale e collettiva senza confini\u201d.<\/em><\/p>\n<p align=\"JUSTIFY\"><em>&#8220;Un occasione che permetter\u00e0 ad ogni partecipante di sviluppare nuovi interessi e contatti relazionali, spesso fondamentali per porre le basi di progetti, anche lavorativi, futuri&#8221;, <\/em>ha commentato il presidente del Comitato organizzatore Maurizio Dunnhofer.<\/p>\n<p align=\"JUSTIFY\">Oltre alla campagna pubblica di reclutamento, l\u2019adesione da parte dei soggetti interessati avverr\u00e0 anche attraverso le collaborazioni e i protocolli d\u2019intesa stipulati dal Comitato Organizzatore con gli Istituti Superiori e i Poli Universitari regionali.\u201d Diversi gli ambiti per cui viene richiesta una partecipazione, dalla comunicazione alle cerimonie, dall\u2019info desk all\u2019attivit\u00e0 di accreditamento, dalla logistica alla sala stampa all\u2019affiancamento delle delegazioni sportive. La promozione &#8220;Volontari&#8221; avverr\u00e0 anche tramite i social media con l&#8217;hashtag #beyof2023.<\/p>\n<p align=\"JUSTIFY\"><strong>Come e dove candidarsi.<\/strong>\u00a0Sar\u00e0 sufficiente visitare il sito ufficiale della manifestazione\u00a0<u><a href=\"http:\/\/www.eyof2023.it\/\" target=\"_blank\" rel=\"noopener\">www.eyof2023.it<\/a><\/u>, compilare il form di raccolta dati e premere invio.\u00a0Non rester\u00e0 che attendere la risposta da parte dei selezionatori.<\/p>\n<div class=\"x-resp-embed x-is-video x-is-youtube\"><iframe loading=\"lazy\" title=\"President Fedriga launches volunteer recruitment campaign for Eyof 2023 volunteers\" width=\"500\" height=\"281\" src=\"https:\/\/www.youtube.com\/embed\/2p5Gk4YJt2A?feature=oembed\" frameborder=\"0\" allow=\"accelerometer; autoplay; clipboard-write; encrypted-media; gyroscope; picture-in-picture; web-share\" referrerpolicy=\"strict-origin-when-cross-origin\" allowfullscreen><\/iframe><\/div>\n<p align=\"JUSTIFY\">\n","protected":false},"excerpt":{"rendered":"<p>Con un videomessaggio del presidente della Regione Fedriga<\/p>\n","protected":false},"author":4,"featured_media":87432,"comment_status":"closed","ping_status":"closed","sticky":false,"template":"","format":"standard","meta":{"_acf_changed":false,"footnotes":""},"categories":[24,10],"tags":[],"acf":[],"_links":{"self":[{"href":"https:\/\/comitati.fisi.org\/friuli-venezia-giulia\/wp-json\/wp\/v2\/posts\/87431"}],"collection":[{"href":"https:\/\/comitati.fisi.org\/friuli-venezia-giulia\/wp-json\/wp\/v2\/posts"}],"about":[{"href":"https:\/\/comitati.fisi.org\/friuli-venezia-giulia\/wp-json\/wp\/v2\/types\/post"}],"author":[{"embeddable":true,"href":"https:\/\/comitati.fisi.org\/friuli-venezia-giulia\/wp-json\/wp\/v2\/users\/4"}],"replies":[{"embeddable":true,"href":"https:\/\/comitati.fisi.org\/friuli-venezia-giulia\/wp-json\/wp\/v2\/comments?post=87431"}],"version-history":[{"count":0,"href":"https:\/\/comitati.fisi.org\/friuli-venezia-giulia\/wp-json\/wp\/v2\/posts\/87431\/revisions"}],"wp:featuredmedia":[{"embeddable":true,"href":"https:\/\/comitati.fisi.org\/friuli-venezia-giulia\/wp-json\/wp\/v2\/media\/87432"}],"wp:attachment":[{"href":"https:\/\/comitati.fisi.org\/friuli-venezia-giulia\/wp-json\/wp\/v2\/media?parent=87431"}],"wp:term":[{"taxonomy":"category","embeddable":true,"href":"https:\/\/comitati.fisi.org\/friuli-venezia-giulia\/wp-json\/wp\/v2\/categories?post=87431"},{"taxonomy":"post_tag","embeddable":true,"href":"https:\/\/comitati.fisi.org\/friuli-venezia-giulia\/wp-json\/wp\/v2\/tags?post=87431"}],"curies":[{"name":"wp","href":"https:\/\/api.w.org\/{rel}","templated":true}]}}