{"id":87301,"date":"2022-03-06T09:11:46","date_gmt":"2022-03-06T08:11:46","guid":{"rendered":"https:\/\/www.fisifvg.org\/?p=87301"},"modified":"2022-03-06T09:11:46","modified_gmt":"2022-03-06T08:11:46","slug":"paralimpiadi-martina-vozza-cade-nel-superg-bertagnolli-splendido-argento","status":"publish","type":"post","link":"https:\/\/comitati.fisi.org\/friuli-venezia-giulia\/blog\/2022\/03\/06\/paralimpiadi-martina-vozza-cade-nel-superg-bertagnolli-splendido-argento\/","title":{"rendered":"Paralimpiadi: Martina Vozza cade nel superG, Bertagnolli splendido argento"},"content":{"rendered":"<p>Alle Paralimpiadi di Pechino 2022 questa notte \u00e8 andato in scena il superG, con Martina Vozza, guidata in pista da Ylenia Sabidussi, che \u00e8 caduta dopo circa venti secondi di gara. Doveva essere la sua gara, ma purtroppo non \u00e8 andata come sperava. Per la sciatrice di Monfalcone, si \u00e8 trattato della seconda uscita dopo quella di ieri nella discesa<\/p>\n<p>\u201cMi si \u00e8 staccato uno sci mentre affrontavo una porta &#8211; dice Martina -. Sto male, perch\u00e9 \u00e8 la gara alla quale tenevo di pi\u00f9. Fino a pochi giorni fa non avevo pressione, oggi la sentivo di pi\u00f9. In questo momento sono gi\u00f9, ma cercher\u00f2 di risollevarmi in vista degli impegni di domani\u201d.<\/p>\n<p>\u201cMi dispiace perch\u00e9 so quanto Martina teneva a questa gara &#8211; aggiunge Ylenia .. A 17 anni ed \u00e8 alla sua prima Paralimpiade: c\u2019\u00e8 tutto il tempo del mondo. Domani \u00e8 un altro giorno e cercheremo di affrontare la gara come sempre sorridenti e serene\u201d.<\/p>\n<p>Intanto \u00e8 arrivata la prima medaglia per l\u2019Italia grazie al nostro portabandiera, uno degli atleti pi\u00f9 rappresentativi degli ultimi anni a livello mondiale. Giacomo Bertagnolli e la sua guida Andrea Ravelli hanno conquistato il secondo posto sempre nel SuperG di categoria vision impaired maschile.<\/p>\n<p><em><strong>(in copertina Martina Vozza e Ylenia Sabidussi)<\/strong><\/em><\/p>\n","protected":false},"excerpt":{"rendered":"<p>Prima medaglia per l&#8217;Italia a Pechino 2022<\/p>\n","protected":false},"author":4,"featured_media":87302,"comment_status":"closed","ping_status":"closed","sticky":false,"template":"","format":"standard","meta":{"_acf_changed":false,"footnotes":""},"categories":[17],"tags":[],"acf":[],"_links":{"self":[{"href":"https:\/\/comitati.fisi.org\/friuli-venezia-giulia\/wp-json\/wp\/v2\/posts\/87301"}],"collection":[{"href":"https:\/\/comitati.fisi.org\/friuli-venezia-giulia\/wp-json\/wp\/v2\/posts"}],"about":[{"href":"https:\/\/comitati.fisi.org\/friuli-venezia-giulia\/wp-json\/wp\/v2\/types\/post"}],"author":[{"embeddable":true,"href":"https:\/\/comitati.fisi.org\/friuli-venezia-giulia\/wp-json\/wp\/v2\/users\/4"}],"replies":[{"embeddable":true,"href":"https:\/\/comitati.fisi.org\/friuli-venezia-giulia\/wp-json\/wp\/v2\/comments?post=87301"}],"version-history":[{"count":0,"href":"https:\/\/comitati.fisi.org\/friuli-venezia-giulia\/wp-json\/wp\/v2\/posts\/87301\/revisions"}],"wp:featuredmedia":[{"embeddable":true,"href":"https:\/\/comitati.fisi.org\/friuli-venezia-giulia\/wp-json\/wp\/v2\/media\/87302"}],"wp:attachment":[{"href":"https:\/\/comitati.fisi.org\/friuli-venezia-giulia\/wp-json\/wp\/v2\/media?parent=87301"}],"wp:term":[{"taxonomy":"category","embeddable":true,"href":"https:\/\/comitati.fisi.org\/friuli-venezia-giulia\/wp-json\/wp\/v2\/categories?post=87301"},{"taxonomy":"post_tag","embeddable":true,"href":"https:\/\/comitati.fisi.org\/friuli-venezia-giulia\/wp-json\/wp\/v2\/tags?post=87301"}],"curies":[{"name":"wp","href":"https:\/\/api.w.org\/{rel}","templated":true}]}}