{"id":87176,"date":"2022-03-05T10:51:38","date_gmt":"2022-03-05T09:51:38","guid":{"rendered":"https:\/\/www.fisifvg.org\/?p=87176"},"modified":"2022-03-05T10:51:38","modified_gmt":"2022-03-05T09:51:38","slug":"martina-vozza-esce-nella-discesa-di-apertura-delle-paralimpiadi-2022","status":"publish","type":"post","link":"https:\/\/comitati.fisi.org\/friuli-venezia-giulia\/blog\/2022\/03\/05\/martina-vozza-esce-nella-discesa-di-apertura-delle-paralimpiadi-2022\/","title":{"rendered":"Martina Vozza esce nella discesa di apertura delle Paralimpiadi 2022"},"content":{"rendered":"<p>Sono state le gare di discesa libera di sci alpino ad aprire i XIII Giochi Paralimpici invernali di Pechino 2022. Sulle nevi di Yanquin, le prime azzurre a gareggiare sono state Martina Vozza e la sua guida Ylenia Sabidussi nella categoria vision impaired femminile. Scesa con il pettorale numero 8, la sciatrice monfalconese, 18 anni ancora da compiere, \u00e8 uscita subito dopo il primo intermedio. Attimi di apprensione e poi, per fortuna, la notizia che si \u00e8 trattato solo di una forte contusione al ginocchio. L\u2019oro \u00e8 andato alla slovacca Henrieta Farkasova (guida Martin Motyka) con il tempo di 1:19.50, l\u2019argento alla cineseDaquing Zhu (guida Hanhan Yan) con 1:21.75, bronzo alla britannica Millie Knight (guida Brett Wild) con 1:23.20.<\/p>\n<p>Questo il commento di Vozza: \u201cMi dispiace perch\u00e9 mi sentivo meglio rispetto ai giorni scorsi. Ho preso una botta sotto al ginocchio ma ora sto meglio. Stavo spingendo pi\u00f9 del solito, sono scivolata e mi si \u00e8 agganciato lo sci ma per fortuna nulla di grave. La pista non era facile, pi\u00f9 scivolosa rispetto alle prove ma sono contenta di aver fatto la discesa libera, perch\u00e9 non ero convinta di farla. Ora sono carica per il Super-G di domani, che \u00e8 la mia gara e dove so che potr\u00f2 dare il massimo\u201d.<\/p>\n<p>\u201cPreferisco quando Martina cerca di spingere e dare il massimo, anche se rischia di cadere \u2013 assicura Ylenia Sabidussi \u2013. Sono contenta per oggi, l\u2019unica cosa che poteva andare meglio sarebbe stato arrivare al traguardo ma va bene cosi, non vedevamo l\u2019ora di partire\u201d.<\/p>\n<p><em><strong>(in copertina un&#8217;immagine della cerimonia di apertura, presenti anche Martina e Ylenia)<\/strong><\/em><\/p>\n<p>&nbsp;<\/p>\n","protected":false},"excerpt":{"rendered":"<p>Attimi di apprensione e poi, per fortuna, la notizia che si \u00e8 trattato solo di una forte contusione al ginocchio<\/p>\n","protected":false},"author":4,"featured_media":87177,"comment_status":"closed","ping_status":"closed","sticky":false,"template":"","format":"standard","meta":{"_acf_changed":false,"footnotes":""},"categories":[10,17],"tags":[],"acf":[],"_links":{"self":[{"href":"https:\/\/comitati.fisi.org\/friuli-venezia-giulia\/wp-json\/wp\/v2\/posts\/87176"}],"collection":[{"href":"https:\/\/comitati.fisi.org\/friuli-venezia-giulia\/wp-json\/wp\/v2\/posts"}],"about":[{"href":"https:\/\/comitati.fisi.org\/friuli-venezia-giulia\/wp-json\/wp\/v2\/types\/post"}],"author":[{"embeddable":true,"href":"https:\/\/comitati.fisi.org\/friuli-venezia-giulia\/wp-json\/wp\/v2\/users\/4"}],"replies":[{"embeddable":true,"href":"https:\/\/comitati.fisi.org\/friuli-venezia-giulia\/wp-json\/wp\/v2\/comments?post=87176"}],"version-history":[{"count":0,"href":"https:\/\/comitati.fisi.org\/friuli-venezia-giulia\/wp-json\/wp\/v2\/posts\/87176\/revisions"}],"wp:featuredmedia":[{"embeddable":true,"href":"https:\/\/comitati.fisi.org\/friuli-venezia-giulia\/wp-json\/wp\/v2\/media\/87177"}],"wp:attachment":[{"href":"https:\/\/comitati.fisi.org\/friuli-venezia-giulia\/wp-json\/wp\/v2\/media?parent=87176"}],"wp:term":[{"taxonomy":"category","embeddable":true,"href":"https:\/\/comitati.fisi.org\/friuli-venezia-giulia\/wp-json\/wp\/v2\/categories?post=87176"},{"taxonomy":"post_tag","embeddable":true,"href":"https:\/\/comitati.fisi.org\/friuli-venezia-giulia\/wp-json\/wp\/v2\/tags?post=87176"}],"curies":[{"name":"wp","href":"https:\/\/api.w.org\/{rel}","templated":true}]}}