{"id":87028,"date":"2022-03-04T13:48:29","date_gmt":"2022-03-04T12:48:29","guid":{"rendered":"https:\/\/www.fisifvg.org\/?p=87028"},"modified":"2022-03-04T13:48:29","modified_gmt":"2022-03-04T12:48:29","slug":"emanuele-buzzi-58-nella-prima-discesa-di-kvitfjell","status":"publish","type":"post","link":"https:\/\/comitati.fisi.org\/friuli-venezia-giulia\/blog\/2022\/03\/04\/emanuele-buzzi-58-nella-prima-discesa-di-kvitfjell\/","title":{"rendered":"Emanuele Buzzi 58\u00b0 nella prima discesa di Kvitfjell"},"content":{"rendered":"<p>Incredibile verdetto nella prima discesa di Kvitfjell. Dopo l\u2019elvetico Niels Hintermann, che mette in carniere la prima vittoria in carriera in discesa (aveva gi\u00e0 una vittoria in combinata nel 2017) e che, con il numero 17, aveva interrotto i festeggiamenti di Matthias Mayer, sino a quel momento comodamente seduto sulla poltrona del leader, con il numero 38 \u00e8 arrivato il canadese Alexander Cameron, capace di eguagliare il tempo di Hintermann, per una vittoria a due, che relega i migliori della specialit\u00e0 dal terzo posto in gi\u00f9. I due hanno fatto registrare il tempo di 1\u201944\u203342, per 12 centesimi pi\u00f9 veloci rispetto a Mayer, e per 19 rispetto a Beat Feuz, mentre Aleksander Aamodt Kilde, oggi quinto, mantiene comunque la leadership della classifica di specialit\u00e0 con 490 punti, contro i 487 di Feuz.<\/p>\n<p>Gran gara di Guglielmo Bosca, che partito con il pettorale numero 48 e riuscito ad agganciare il nono posto finale, a soli 68 centesimi di ritardo dall\u2019accoppiata vincente. Per il 28enne dell\u2019Esercito questa \u00e8 la prima top ten della carriera e arriva al termine di una stagione in cui la sua crescita \u00e8 stata costante. Dominik Paris \u00e8 decimo, staccato di 7 decimi dalla\u00a0 Hintermann, in una gara che ha visto il carabiniere della Val d\u2019Ultimo, lasciare troppo tempo fra il secondo e il terzo intermedio per poter puntare al podio. Molto bene anche Nicol\u00f2 Molteni, 14\/o con il pettorale 54, a 88 centesimi dalla vetta. Il 23enne di Cabiate (Co), portacolori dell\u2019Esercito, ottiene il miglior risultato della sua giovane carriera, acquisendo fiducia e avanzando nelle classifiche.<br \/>\nPi\u00f9 indietro Matteo Marsaglia, a 1\u203346 dal vincitore, Mattia Casse a 1\u203368 e Christof Innerhofer, a 1\u203392 sempre accompagnato dai dolori al ginocchio sinistro, che ha sofferto nella caduta di mercoled\u00ec scorso. Pietro Zazzi \u00e8 a 2\u203322 ed <strong>Emanuele Buzzi<\/strong> a 2\u203374 (58\u00b0).<br \/>\nAd oggi sono tre gli azzurri fra i primi 25 della classifica di specialit\u00e0: Paris \u00e8 quinto con 382 punti, Marsaglia 17\/o con 124 punti, Innerhofer che ne ha 123 \u00e8 18\/o.<\/p>\n<p>Per sabato \u00e8 in programma la seconda discesa, con partenza alle 11.30 e diretta su Rai Sport ed Eurosport.<\/p>\n<p><a href=\"http:\/\/live.fis-ski.com\/lv-al0083.htm?t=1646388870#\/short\">CLASSIFICA<\/a><\/p>\n<p><em><strong>(nella foto Pentaphoto, Buzzi in azione a Kvitfjell)<\/strong><\/em><\/p>\n","protected":false},"excerpt":{"rendered":"<p>Sabato si replica, domenica il superG<\/p>\n","protected":false},"author":4,"featured_media":87029,"comment_status":"closed","ping_status":"closed","sticky":false,"template":"","format":"standard","meta":{"_acf_changed":false,"footnotes":""},"categories":[15],"tags":[],"acf":[],"_links":{"self":[{"href":"https:\/\/comitati.fisi.org\/friuli-venezia-giulia\/wp-json\/wp\/v2\/posts\/87028"}],"collection":[{"href":"https:\/\/comitati.fisi.org\/friuli-venezia-giulia\/wp-json\/wp\/v2\/posts"}],"about":[{"href":"https:\/\/comitati.fisi.org\/friuli-venezia-giulia\/wp-json\/wp\/v2\/types\/post"}],"author":[{"embeddable":true,"href":"https:\/\/comitati.fisi.org\/friuli-venezia-giulia\/wp-json\/wp\/v2\/users\/4"}],"replies":[{"embeddable":true,"href":"https:\/\/comitati.fisi.org\/friuli-venezia-giulia\/wp-json\/wp\/v2\/comments?post=87028"}],"version-history":[{"count":0,"href":"https:\/\/comitati.fisi.org\/friuli-venezia-giulia\/wp-json\/wp\/v2\/posts\/87028\/revisions"}],"wp:featuredmedia":[{"embeddable":true,"href":"https:\/\/comitati.fisi.org\/friuli-venezia-giulia\/wp-json\/wp\/v2\/media\/87029"}],"wp:attachment":[{"href":"https:\/\/comitati.fisi.org\/friuli-venezia-giulia\/wp-json\/wp\/v2\/media?parent=87028"}],"wp:term":[{"taxonomy":"category","embeddable":true,"href":"https:\/\/comitati.fisi.org\/friuli-venezia-giulia\/wp-json\/wp\/v2\/categories?post=87028"},{"taxonomy":"post_tag","embeddable":true,"href":"https:\/\/comitati.fisi.org\/friuli-venezia-giulia\/wp-json\/wp\/v2\/tags?post=87028"}],"curies":[{"name":"wp","href":"https:\/\/api.w.org\/{rel}","templated":true}]}}