{"id":87013,"date":"2022-03-04T09:29:56","date_gmt":"2022-03-04T08:29:56","guid":{"rendered":"https:\/\/www.fisifvg.org\/?p=87013"},"modified":"2022-03-04T09:29:56","modified_gmt":"2022-03-04T08:29:56","slug":"il-programma-delle-gare-regionali-ragazzi-allievi-del-7-e-8-marzo","status":"publish","type":"post","link":"https:\/\/comitati.fisi.org\/friuli-venezia-giulia\/blog\/2022\/03\/04\/il-programma-delle-gare-regionali-ragazzi-allievi-del-7-e-8-marzo\/","title":{"rendered":"Il programma delle gare regionali Ragazzi\/Allievi del 7 e 8 marzo"},"content":{"rendered":"<p>Doppio appuntamento all&#8217;inizio della prossima settimana per il circuito regionale Ragazzi\/Allievi.<\/p>\n<p>Luned\u00ec 7 marzo la Priesnig B di Tarvisio ospiter\u00e0 lo slalom gigante valido per il Campionato Regionale Children, con in palio il Trofeo Luciano Lazzaro, per l&#8217;organizzazione del Bachmann Sport College.<\/p>\n<p>La societ\u00e0 che fa riferimento allo ski college tarvisiano, inoltre, curer\u00e0 marted\u00ec 8 marzo un altro slalom gigante sulla pista Canin di Sella Nevea, recupero di quello non disputato il 20 febbraio a Piancavallo.<br \/>\nLa gara, che assegner\u00e0 il Trofeo Shred, sar\u00e0 valida per la selezione regionale del Pinocchio sugli sci.<\/p>\n<p>Sotto gli approfondimenti per entrambe le manifestazioni.<\/p>\n<p><a href=\"http:\/\/comitati.fisi.org\/friuli-venezia-giulia\/wp-content\/uploads\/sites\/34\/2022\/03\/Trofeo-L.Lazzaro-2022.pdf\">PROGRAMMA GS LUNEDI&#8217; 7<\/a><br \/>\n<a href=\"http:\/\/comitati.fisi.org\/friuli-venezia-giulia\/wp-content\/uploads\/sites\/34\/2022\/03\/Trofeo-Shred-2022.pdf\">PROGRAMMA GS MARTEDI&#8217; 8<\/a><\/p>\n<p><em><strong>(nella foto la Canin di Sella Nevea)<\/strong><\/em><\/p>\n<p>&nbsp;<\/p>\n","protected":false},"excerpt":{"rendered":"<p>Si disputeranno fra Tarvisio e Sella Nevea, per l&#8217;organizzazione del Bachmann Sport College<\/p>\n","protected":false},"author":4,"featured_media":76681,"comment_status":"closed","ping_status":"closed","sticky":false,"template":"","format":"standard","meta":{"_acf_changed":false,"footnotes":""},"categories":[15],"tags":[],"acf":[],"_links":{"self":[{"href":"https:\/\/comitati.fisi.org\/friuli-venezia-giulia\/wp-json\/wp\/v2\/posts\/87013"}],"collection":[{"href":"https:\/\/comitati.fisi.org\/friuli-venezia-giulia\/wp-json\/wp\/v2\/posts"}],"about":[{"href":"https:\/\/comitati.fisi.org\/friuli-venezia-giulia\/wp-json\/wp\/v2\/types\/post"}],"author":[{"embeddable":true,"href":"https:\/\/comitati.fisi.org\/friuli-venezia-giulia\/wp-json\/wp\/v2\/users\/4"}],"replies":[{"embeddable":true,"href":"https:\/\/comitati.fisi.org\/friuli-venezia-giulia\/wp-json\/wp\/v2\/comments?post=87013"}],"version-history":[{"count":0,"href":"https:\/\/comitati.fisi.org\/friuli-venezia-giulia\/wp-json\/wp\/v2\/posts\/87013\/revisions"}],"wp:featuredmedia":[{"embeddable":true,"href":"https:\/\/comitati.fisi.org\/friuli-venezia-giulia\/wp-json\/wp\/v2\/media\/76681"}],"wp:attachment":[{"href":"https:\/\/comitati.fisi.org\/friuli-venezia-giulia\/wp-json\/wp\/v2\/media?parent=87013"}],"wp:term":[{"taxonomy":"category","embeddable":true,"href":"https:\/\/comitati.fisi.org\/friuli-venezia-giulia\/wp-json\/wp\/v2\/categories?post=87013"},{"taxonomy":"post_tag","embeddable":true,"href":"https:\/\/comitati.fisi.org\/friuli-venezia-giulia\/wp-json\/wp\/v2\/tags?post=87013"}],"curies":[{"name":"wp","href":"https:\/\/api.w.org\/{rel}","templated":true}]}}