{"id":86943,"date":"2022-03-02T13:21:08","date_gmt":"2022-03-02T12:21:08","guid":{"rendered":"https:\/\/www.fisifvg.org\/?p=86943"},"modified":"2022-03-02T13:21:08","modified_gmt":"2022-03-02T12:21:08","slug":"emanuele-buzzi-46-nella-prima-prova-della-discesa-di-kvitfjell","status":"publish","type":"post","link":"https:\/\/comitati.fisi.org\/friuli-venezia-giulia\/blog\/2022\/03\/02\/emanuele-buzzi-46-nella-prima-prova-della-discesa-di-kvitfjell\/","title":{"rendered":"Emanuele Buzzi 46\u00b0 nella prima prova della discesa di Kvitfjell"},"content":{"rendered":"<p>Prima prova di \u201cassaggio\u201d alla Olympiabakke di Kvitfjell, in Norvegia, teatro delle ultime discese di Coppa del mondo di velocit\u00e0 prima delle finali di Courchevel-Meribel.<br \/>\nIl miglior tempo odierno \u00e8 dell\u2019americano Ryan Cochran-Siegle in 1\u201945\u203368, davanti al padrone di casa Aleksander Aamodt Kilde per 20 centesimi e allo sloveno Bostjan Kline per 32.<br \/>\nFasi di studio per gli azzurri, che vedono Mattia Casse quale miglior piazzato, con il 16\/o tempo a 1\u203332 da Cochran, mentre \u00e8 20\/o Dominik Paris a 1\u203345 e 22\/o \u00e8 Matteo Marsaglia con 1\u203373 di svantaggio. Quindi Guglielmo Bosca a 2 secondi netti dal primo.<br \/>\nPi\u00f9 in ritardo <strong>Emanuele Buzzi<\/strong>, 46\u00b0 a 2\u203375 dal leader e Niccol\u00f2 Molteni a 3\u203340, mentre non \u00e8 partito Christof<br \/>\nInnerhofer.<\/p>\n<p>Con due discese consecutive (venerd\u00ec e sabato, poi domenica ci sar\u00e0 il superG), Kilde prover\u00e0 a difendere la leadership nella classifica di specialit\u00e0, che lo vede attualmente al comando con 445 punti, davanti a Beat Feuz (oggi quarto) staccato di soli 8 punti, e a Matthias Mayer (oggi ottavo) a 43 punti. Paris \u00e8 quinto con 356 punti, a 46 lunghezze dal podio stagionale.<\/p>\n<p><a href=\"http:\/\/live.fis-ski.com\/lv-al0096.htm?t=1646220192#\/ranking\">CLASSIFICA<\/a><\/p>\n<p>&nbsp;<\/p>\n","protected":false},"excerpt":{"rendered":"<p>Da venerd\u00ec a domenica sono in programma in Norvegia tre prove veloci di Coppa del Mondo<\/p>\n","protected":false},"author":4,"featured_media":84255,"comment_status":"closed","ping_status":"closed","sticky":false,"template":"","format":"standard","meta":{"_acf_changed":false,"footnotes":""},"categories":[15],"tags":[],"acf":[],"_links":{"self":[{"href":"https:\/\/comitati.fisi.org\/friuli-venezia-giulia\/wp-json\/wp\/v2\/posts\/86943"}],"collection":[{"href":"https:\/\/comitati.fisi.org\/friuli-venezia-giulia\/wp-json\/wp\/v2\/posts"}],"about":[{"href":"https:\/\/comitati.fisi.org\/friuli-venezia-giulia\/wp-json\/wp\/v2\/types\/post"}],"author":[{"embeddable":true,"href":"https:\/\/comitati.fisi.org\/friuli-venezia-giulia\/wp-json\/wp\/v2\/users\/4"}],"replies":[{"embeddable":true,"href":"https:\/\/comitati.fisi.org\/friuli-venezia-giulia\/wp-json\/wp\/v2\/comments?post=86943"}],"version-history":[{"count":0,"href":"https:\/\/comitati.fisi.org\/friuli-venezia-giulia\/wp-json\/wp\/v2\/posts\/86943\/revisions"}],"wp:featuredmedia":[{"embeddable":true,"href":"https:\/\/comitati.fisi.org\/friuli-venezia-giulia\/wp-json\/wp\/v2\/media\/84255"}],"wp:attachment":[{"href":"https:\/\/comitati.fisi.org\/friuli-venezia-giulia\/wp-json\/wp\/v2\/media?parent=86943"}],"wp:term":[{"taxonomy":"category","embeddable":true,"href":"https:\/\/comitati.fisi.org\/friuli-venezia-giulia\/wp-json\/wp\/v2\/categories?post=86943"},{"taxonomy":"post_tag","embeddable":true,"href":"https:\/\/comitati.fisi.org\/friuli-venezia-giulia\/wp-json\/wp\/v2\/tags?post=86943"}],"curies":[{"name":"wp","href":"https:\/\/api.w.org\/{rel}","templated":true}]}}