{"id":86942,"date":"2022-03-02T13:25:09","date_gmt":"2022-03-02T12:25:09","guid":{"rendered":"https:\/\/www.fisifvg.org\/?p=86942"},"modified":"2022-03-02T13:25:09","modified_gmt":"2022-03-02T12:25:09","slug":"lisa-vittozzi-in-finlandia-per-la-terzultima-tappa-di-coppa-del-mondo","status":"publish","type":"post","link":"https:\/\/comitati.fisi.org\/friuli-venezia-giulia\/blog\/2022\/03\/02\/lisa-vittozzi-in-finlandia-per-la-terzultima-tappa-di-coppa-del-mondo\/","title":{"rendered":"Lisa Vittozzi in Finlandia per la terzultima tappa di Coppa del Mondo"},"content":{"rendered":"<p>Sono nove i convocati dal direttore tecnico Fabrizio Curtaz per l\u2019 appuntamento di Coppa del mondo in programma a Kontiolahti. Nella localit\u00e0 finlandese si disputeranno gioved\u00ec 3 marzo la staffetta femminile (ore 14,30) e venerd\u00ec 4 la staffetta maschile (ore 14,30), mentre sabato 5 marzo toccher\u00e0 alle sprint (donne alle 12,45 e uomini alle 15,30) e domenica 6 alle pursuit (femminile ore 12,45 e maschile ore 14,40). Tutte le gare saranno in diretta Tv su Eurosport.<\/p>\n<p>La squadra azzurra si presenter\u00e0 in campo maschile con Lukas Hofer, Didier Bionaz, Thomas Bormolini, Dominik Windisch e Tommaso Giacomel, fra le donne Dorothea Wierer sar\u00e0 affiancata da<strong> Lisa Vittozzi <em>(nella foto),<\/em><\/strong> Samuela Comola e Federica Sanfilippo.<\/p>\n<p>A seguire il programma completo:<\/p>\n<p><strong>Gio. 03\/03<\/strong> \u2013 Staffetta femminile \u2013 ore 14.30, diretta tv Eurosport<br \/>\n<strong>Ven. 04\/03<\/strong> \u2013 Staffetta maschile \u2013 ore 14.30, diretta tv Eurosport<br \/>\n<strong>Sab. 05\/03<\/strong> \u2013 Sprint femminile e maschile \u2013 ore 12.45 e 15.30, diretta tv Eurosport<br \/>\n<strong>Dom. 06\/03<\/strong> \u2013 Pursuit femminile e maschile \u2013 ore 12.45 e 14.40, diretta tv Eurosport<\/p>\n<p>&nbsp;<\/p>\n","protected":false},"excerpt":{"rendered":"<p>Da gioved\u00ec 3 a domenica 6 appuntamento a Kontiolathi con il grande biathlon<\/p>\n","protected":false},"author":4,"featured_media":86272,"comment_status":"closed","ping_status":"closed","sticky":false,"template":"","format":"standard","meta":{"_acf_changed":false,"footnotes":""},"categories":[13],"tags":[],"acf":[],"_links":{"self":[{"href":"https:\/\/comitati.fisi.org\/friuli-venezia-giulia\/wp-json\/wp\/v2\/posts\/86942"}],"collection":[{"href":"https:\/\/comitati.fisi.org\/friuli-venezia-giulia\/wp-json\/wp\/v2\/posts"}],"about":[{"href":"https:\/\/comitati.fisi.org\/friuli-venezia-giulia\/wp-json\/wp\/v2\/types\/post"}],"author":[{"embeddable":true,"href":"https:\/\/comitati.fisi.org\/friuli-venezia-giulia\/wp-json\/wp\/v2\/users\/4"}],"replies":[{"embeddable":true,"href":"https:\/\/comitati.fisi.org\/friuli-venezia-giulia\/wp-json\/wp\/v2\/comments?post=86942"}],"version-history":[{"count":0,"href":"https:\/\/comitati.fisi.org\/friuli-venezia-giulia\/wp-json\/wp\/v2\/posts\/86942\/revisions"}],"wp:featuredmedia":[{"embeddable":true,"href":"https:\/\/comitati.fisi.org\/friuli-venezia-giulia\/wp-json\/wp\/v2\/media\/86272"}],"wp:attachment":[{"href":"https:\/\/comitati.fisi.org\/friuli-venezia-giulia\/wp-json\/wp\/v2\/media?parent=86942"}],"wp:term":[{"taxonomy":"category","embeddable":true,"href":"https:\/\/comitati.fisi.org\/friuli-venezia-giulia\/wp-json\/wp\/v2\/categories?post=86942"},{"taxonomy":"post_tag","embeddable":true,"href":"https:\/\/comitati.fisi.org\/friuli-venezia-giulia\/wp-json\/wp\/v2\/tags?post=86942"}],"curies":[{"name":"wp","href":"https:\/\/api.w.org\/{rel}","templated":true}]}}