{"id":86875,"date":"2022-03-01T16:46:34","date_gmt":"2022-03-01T15:46:34","guid":{"rendered":"https:\/\/www.fisifvg.org\/?p=86875"},"modified":"2022-03-01T16:46:34","modified_gmt":"2022-03-01T15:46:34","slug":"piancavallo-si-prepara-ai-mondiali-master-di-sci-alpinismo","status":"publish","type":"post","link":"https:\/\/comitati.fisi.org\/friuli-venezia-giulia\/blog\/2022\/03\/01\/piancavallo-si-prepara-ai-mondiali-master-di-sci-alpinismo\/","title":{"rendered":"Piancavallo si prepara ai Mondiali Master di sci alpinismo"},"content":{"rendered":"<p>Tutto \u00e8 pronto per rassegna iridata che assegner\u00e0 i titoli Mondiali Master di sci alpinismo tra le nevi di Piancavallo e Alpago. Dopo i Mondiali assoluti del 2017, sulle montagne al confine tra due regioni si assegneranno i titoli nella specialit\u00e0 Vertical (sola salita) e nell\u2019Individuai Race.<br \/>\nIn questi ultimi giorni la compagine operativa del Comitato Transcavallo \u00e8 andato sulle nevi di Piancavallo a segnalare e mettere in sicurezza i percorsi che decreteranno i nuovi campioni mondiali Master.<br \/>\nLa prima gara in programma sar\u00e0 la Vertical di venerd\u00ec 4 marzo (partenza ore 11), gli atleti si sfideranno lungo lo stesso percorso del 2017. La partenza sar\u00e0 data da Piancavallo mentre l\u2019arrivo \u00e8 posto al Rifugio Val dei Sas con 580 metri di dislivello positivo e con 3400 metri di sviluppo. Il tempo record da battere \u00e8 24&#8217;06&#8221; stabilito da Killian Jornet. In campo femminile la miglior prestazione \u00e8 della austriaca Andrea Mayr che ha fermato il cronometro in 28\u201945\u2019\u2019.<br \/>\nDomenica 6 marzo (partenza Piancavallo-Tremol 1, ore 8) invece si correr\u00e0 la prova Individuale, un percorso tecnico e impegnativo che abbraccer\u00e0 le due province, Pordenone e Belluno. Il dislivello positivo \u00e8 di 1540 metri con una lunghezza di 13 chilometri.<br \/>\nLa prima salita raggiunger\u00e0 il Monte Tremol passando per il Rifugio Arneri e affrontando l\u2019ultima parte di cresta a piedi con gli sci nello zaino. Dopo la discesa i concorrenti sconfineranno in Alpago valicando la Forcella Alta di Palantina, poco dopo Casera Palantina la gara riprender\u00e0 a salire verso la Forcella Colombera. Affrontata l\u2019ultima discesa gli atleti dovranno rientrare a Piancavallo percorrendo Forcella Palantina e toccando lo spettacolare Antro delle Mate, grotta carsica di notevoli dimensioni. L\u2019arrivo di questa salita al Rifugio Val dei Sas decreter\u00e0 i nuovi Campioni Mondiali Master di scialpinismo.<br \/>\nAl via delle due competizioni ci saranno atleti in rappresentanza di 13 nazioni: Austria, Germania, Italia, Stati Uniti, Slovacchia, Repubblica Slovacca, Svizzera, Francia, Grecia, Polonia, Bulgaria, Repubblica Ceca e Portogallo.<\/p>\n<p>&nbsp;<\/p>\n","protected":false},"excerpt":{"rendered":"<p>Venerd\u00ec 4 marzo si correr\u00e0 la Vertical, domenica 6 andr\u00e0 in scena l\u2019Individuale<\/p>\n","protected":false},"author":4,"featured_media":86876,"comment_status":"closed","ping_status":"closed","sticky":false,"template":"","format":"standard","meta":{"_acf_changed":false,"footnotes":""},"categories":[10,19],"tags":[],"acf":[],"_links":{"self":[{"href":"https:\/\/comitati.fisi.org\/friuli-venezia-giulia\/wp-json\/wp\/v2\/posts\/86875"}],"collection":[{"href":"https:\/\/comitati.fisi.org\/friuli-venezia-giulia\/wp-json\/wp\/v2\/posts"}],"about":[{"href":"https:\/\/comitati.fisi.org\/friuli-venezia-giulia\/wp-json\/wp\/v2\/types\/post"}],"author":[{"embeddable":true,"href":"https:\/\/comitati.fisi.org\/friuli-venezia-giulia\/wp-json\/wp\/v2\/users\/4"}],"replies":[{"embeddable":true,"href":"https:\/\/comitati.fisi.org\/friuli-venezia-giulia\/wp-json\/wp\/v2\/comments?post=86875"}],"version-history":[{"count":0,"href":"https:\/\/comitati.fisi.org\/friuli-venezia-giulia\/wp-json\/wp\/v2\/posts\/86875\/revisions"}],"wp:featuredmedia":[{"embeddable":true,"href":"https:\/\/comitati.fisi.org\/friuli-venezia-giulia\/wp-json\/wp\/v2\/media\/86876"}],"wp:attachment":[{"href":"https:\/\/comitati.fisi.org\/friuli-venezia-giulia\/wp-json\/wp\/v2\/media?parent=86875"}],"wp:term":[{"taxonomy":"category","embeddable":true,"href":"https:\/\/comitati.fisi.org\/friuli-venezia-giulia\/wp-json\/wp\/v2\/categories?post=86875"},{"taxonomy":"post_tag","embeddable":true,"href":"https:\/\/comitati.fisi.org\/friuli-venezia-giulia\/wp-json\/wp\/v2\/tags?post=86875"}],"curies":[{"name":"wp","href":"https:\/\/api.w.org\/{rel}","templated":true}]}}