{"id":86871,"date":"2022-03-01T22:59:02","date_gmt":"2022-03-01T21:59:02","guid":{"rendered":"https:\/\/www.fisifvg.org\/?p=86871"},"modified":"2022-03-01T22:59:02","modified_gmt":"2022-03-01T21:59:02","slug":"ilaria-e-sara-scattolo-campionesse-mondiali-giovani-di-biathlon","status":"publish","type":"post","link":"https:\/\/comitati.fisi.org\/friuli-venezia-giulia\/blog\/2022\/03\/01\/ilaria-e-sara-scattolo-campionesse-mondiali-giovani-di-biathlon\/","title":{"rendered":"ILARIA E SARA SCATTOLO CAMPIONESSE MONDIALI GIOVANI DI BIATHLON!!!"},"content":{"rendered":"<p>Medaglia d&#8217;oro! Anzi, doppia medaglia d&#8217;oro!&#8221;<\/p>\n<p>L&#8217;Italia vince la staffetta 3&#215;6 km femminile dei Mondiali Giovani di biathlon di Soldier Hollow (Usa) e sul podio pi\u00f9 alto salgono<strong> le sorelle Ilaria e Sara Scattolo,<\/strong> oltre a Fabiana Carpella. Un risultato fantastico, con la FISI FVG che conquista un titolo iridato 8 anni dopo quelli ottenuti da Lisa Vittozzi, sempre negli Stati Uniti.<\/p>\n<p><a href=\"http:\/\/comitati.fisi.org\/friuli-venezia-giulia\/wp-content\/uploads\/sites\/34\/2022\/03\/FMzGAMgUcAQftqS-2.jpg\"><img loading=\"lazy\" decoding=\"async\" class=\"alignright wp-image-86899\" src=\"http:\/\/comitati.fisi.org\/friuli-venezia-giulia\/wp-content\/uploads\/sites\/34\/2022\/03\/FMzGAMgUcAQftqS-2-400x400.jpg\" alt=\"\" width=\"500\" height=\"333\" \/><\/a>Un risultato che, oltre alle ragazze di Forni Avoltri, vede protagonisti ben 4 tecnici della nostra regione, ovvero <strong>Francesco Semenzato, Daniele Piller Roner, Mattia Quinz e Carlo Marchesin.<\/strong><\/p>\n<p>Ilaria, schierata al lancio, ha commesso 2 errori in piedi, recuperati con le ricariche, dando il cambio a Carpella in sesta posizione. Fabiana \u00e8 stata autrice di una prova spettacolare, con due serie perfette e veloci al tiro che le hanno consentito di lanciare Sara Scattolo al primo posto con 16&#8243;5 di vantaggio sulla Bulgaria, seconda.<\/p>\n<p>Sara, reduce dal successo nella classifica finale di Ibu Junior Cup, ha completato l&#8217;opera: 5 su 5 a terra, poi in piedi ha commesso un errore subito recuperato con la ricarica, con l&#8217;ultima parte della gara che si \u00e8 rivelata una passerella finale, con lo speaker a urlare pi\u00f9 volte &#8220;Non ci prendono pi\u00f9!&#8221;. L&#8217;Italia vince con 28&#8243;3 sulla Germania e 1&#8217;42&#8221; sulla Bulgaria. Fantastiche le azzurre, successo meritatissimo e soddisfazione enorme per il movimento regionale.<\/p>\n<p>Alle neocampionesse del mondo vanno le congratulazioni del presidente della FISI FVG Maurizio Dunnhofer, del Consiglio Direttivo e di tutto l&#8217;entusiasta mondo dello sci regionale.<\/p>\n<p><a href=\"https:\/\/www.biathlonworld.com\/live?c=BT2122JWRLCH__&amp;u=BTHW3X6KMY------------FNL-000100--\">CLASSIFICA<\/a><\/p>\n<p><em><strong>(nella foto di copertina da sinistra Fabiana Carpella, Sara Scattolo, Ilaria Scattolo)<\/strong><\/em><\/p>\n<div id='gallery-1' class='gallery galleryid-86871 gallery-columns-1 gallery-size-large'><dl class='gallery-item'>\n\t\t\t<dt class='gallery-icon landscape'>\n\t\t\t\t<a href='https:\/\/comitati.fisi.org\/friuli-venezia-giulia\/blog\/2022\/03\/01\/ilaria-e-sara-scattolo-campionesse-mondiali-giovani-di-biathlon\/group010322br084\/'><img loading=\"lazy\" decoding=\"async\" width=\"1024\" height=\"682\" src=\"https:\/\/comitati.fisi.org\/friuli-venezia-giulia\/wp-content\/uploads\/sites\/34\/2022\/03\/group010322br084-1024x682.jpg\" class=\"attachment-large size-large\" alt=\"\" aria-describedby=\"gallery-1-86906\" srcset=\"https:\/\/comitati.fisi.org\/friuli-venezia-giulia\/wp-content\/uploads\/sites\/34\/2022\/03\/group010322br084-1024x682.jpg 1024w, https:\/\/comitati.fisi.org\/friuli-venezia-giulia\/wp-content\/uploads\/sites\/34\/2022\/03\/group010322br084-300x200.jpg 300w, https:\/\/comitati.fisi.org\/friuli-venezia-giulia\/wp-content\/uploads\/sites\/34\/2022\/03\/group010322br084-768x511.jpg 768w, https:\/\/comitati.fisi.org\/friuli-venezia-giulia\/wp-content\/uploads\/sites\/34\/2022\/03\/group010322br084-1536x1022.jpg 1536w, https:\/\/comitati.fisi.org\/friuli-venezia-giulia\/wp-content\/uploads\/sites\/34\/2022\/03\/group010322br084.jpg 1920w\" sizes=\"(max-width: 1024px) 100vw, 1024px\" \/><\/a>\n\t\t\t<\/dt>\n\t\t\t\t<dd class='wp-caption-text gallery-caption' id='gallery-1-86906'>\n\t\t\t\tLA PARTENZA DELLA STAFFETTA, CON AL CENTRO ILARIA SCATTOLO\n\t\t\t\t<\/dd><\/dl><dl class='gallery-item'>\n\t\t\t<dt class='gallery-icon landscape'>\n\t\t\t\t<a href='https:\/\/comitati.fisi.org\/friuli-venezia-giulia\/blog\/2022\/03\/01\/ilaria-e-sara-scattolo-campionesse-mondiali-giovani-di-biathlon\/scattolo010322br078\/'><img loading=\"lazy\" decoding=\"async\" width=\"1024\" height=\"683\" src=\"https:\/\/comitati.fisi.org\/friuli-venezia-giulia\/wp-content\/uploads\/sites\/34\/2022\/03\/Scattolo010322br078-1024x683.jpg\" class=\"attachment-large size-large\" alt=\"\" srcset=\"https:\/\/comitati.fisi.org\/friuli-venezia-giulia\/wp-content\/uploads\/sites\/34\/2022\/03\/Scattolo010322br078-1024x683.jpg 1024w, https:\/\/comitati.fisi.org\/friuli-venezia-giulia\/wp-content\/uploads\/sites\/34\/2022\/03\/Scattolo010322br078-300x200.jpg 300w, https:\/\/comitati.fisi.org\/friuli-venezia-giulia\/wp-content\/uploads\/sites\/34\/2022\/03\/Scattolo010322br078-768x512.jpg 768w, https:\/\/comitati.fisi.org\/friuli-venezia-giulia\/wp-content\/uploads\/sites\/34\/2022\/03\/Scattolo010322br078-1536x1024.jpg 1536w, https:\/\/comitati.fisi.org\/friuli-venezia-giulia\/wp-content\/uploads\/sites\/34\/2022\/03\/Scattolo010322br078.jpg 1920w\" sizes=\"(max-width: 1024px) 100vw, 1024px\" \/><\/a>\n\t\t\t<\/dt><\/dl><dl class='gallery-item'>\n\t\t\t<dt class='gallery-icon landscape'>\n\t\t\t\t<a href='https:\/\/comitati.fisi.org\/friuli-venezia-giulia\/blog\/2022\/03\/01\/ilaria-e-sara-scattolo-campionesse-mondiali-giovani-di-biathlon\/group010322br074\/'><img loading=\"lazy\" decoding=\"async\" width=\"1024\" height=\"683\" src=\"https:\/\/comitati.fisi.org\/friuli-venezia-giulia\/wp-content\/uploads\/sites\/34\/2022\/03\/group010322br074-1024x683.jpg\" class=\"attachment-large size-large\" alt=\"\" aria-describedby=\"gallery-1-86902\" srcset=\"https:\/\/comitati.fisi.org\/friuli-venezia-giulia\/wp-content\/uploads\/sites\/34\/2022\/03\/group010322br074-1024x683.jpg 1024w, https:\/\/comitati.fisi.org\/friuli-venezia-giulia\/wp-content\/uploads\/sites\/34\/2022\/03\/group010322br074-300x200.jpg 300w, https:\/\/comitati.fisi.org\/friuli-venezia-giulia\/wp-content\/uploads\/sites\/34\/2022\/03\/group010322br074-768x512.jpg 768w, https:\/\/comitati.fisi.org\/friuli-venezia-giulia\/wp-content\/uploads\/sites\/34\/2022\/03\/group010322br074-1536x1024.jpg 1536w, https:\/\/comitati.fisi.org\/friuli-venezia-giulia\/wp-content\/uploads\/sites\/34\/2022\/03\/group010322br074.jpg 1920w\" sizes=\"(max-width: 1024px) 100vw, 1024px\" \/><\/a>\n\t\t\t<\/dt>\n\t\t\t\t<dd class='wp-caption-text gallery-caption' id='gallery-1-86902'>\n\t\t\t\tL&#8217;ABBRACCIO TRA LE 3 AZZURRE AL TRAGUARDO\n\t\t\t\t<\/dd><\/dl><dl class='gallery-item'>\n\t\t\t<dt class='gallery-icon landscape'>\n\t\t\t\t<a href='https:\/\/comitati.fisi.org\/friuli-venezia-giulia\/blog\/2022\/03\/01\/ilaria-e-sara-scattolo-campionesse-mondiali-giovani-di-biathlon\/podium020322br126\/'><img loading=\"lazy\" decoding=\"async\" width=\"1024\" height=\"683\" src=\"https:\/\/comitati.fisi.org\/friuli-venezia-giulia\/wp-content\/uploads\/sites\/34\/2022\/03\/podium020322br126-1024x683.jpg\" class=\"attachment-large size-large\" alt=\"\" aria-describedby=\"gallery-1-86903\" srcset=\"https:\/\/comitati.fisi.org\/friuli-venezia-giulia\/wp-content\/uploads\/sites\/34\/2022\/03\/podium020322br126-1024x683.jpg 1024w, https:\/\/comitati.fisi.org\/friuli-venezia-giulia\/wp-content\/uploads\/sites\/34\/2022\/03\/podium020322br126-300x200.jpg 300w, https:\/\/comitati.fisi.org\/friuli-venezia-giulia\/wp-content\/uploads\/sites\/34\/2022\/03\/podium020322br126-768x512.jpg 768w, https:\/\/comitati.fisi.org\/friuli-venezia-giulia\/wp-content\/uploads\/sites\/34\/2022\/03\/podium020322br126-1536x1024.jpg 1536w, https:\/\/comitati.fisi.org\/friuli-venezia-giulia\/wp-content\/uploads\/sites\/34\/2022\/03\/podium020322br126.jpg 1920w\" sizes=\"(max-width: 1024px) 100vw, 1024px\" \/><\/a>\n\t\t\t<\/dt>\n\t\t\t\t<dd class='wp-caption-text gallery-caption' id='gallery-1-86903'>\n\t\t\t\tFESTA GRANDE CON ATLETI E TECNICI AZZURRI\n\t\t\t\t<\/dd><\/dl>\n\t\t<\/div>\n\n<p>&nbsp;<\/p>\n<p><span style=\"color: #ff0000\"><strong>PODI CAMPIONATI MONDIALI ATLETI FVG E SCI CLUB FISI FVG<\/strong><\/span><\/p>\n<p><span style=\"color: #ff9900\"><strong>ORO<\/strong><br \/>\n<\/span><span style=\"color: #000000\">-ILARIA SCATTOLO\u00a0 Biathlon\u00a0 Staffetta\u00a0 Giovani\/U19<br \/>\n-SARA SCATTOLO\u00a0 Biathlon\u00a0 Staffetta\u00a0 Giovani\/U19<\/span><span style=\"color: #ff0000\"><strong><br \/>\n<\/strong><\/span><\/p>\n<p><span style=\"color: #ff0000\"><strong>PODI COPPA DEL MONDO ATLETI FVG E SCI CLUB FISI FVG<\/strong><\/span><\/p>\n<p><strong><span style=\"color: #993366\">BRONZO<\/span><\/strong><br \/>\n<strong>-MARA MARTINI\u00a0 Sci alpinismo Sprint (Caspoggio-ITA, 5-2-22)<\/strong><\/p>\n<p><span style=\"color: #ff0000\"><strong>MEDAGLIE CAMPIONATI ITALIANI ASSOLUTI E GIOVANILI 2021-2022 ATLETI FVG E SCI CLUB FISI FVG<\/strong><\/span><\/p>\n<p><span style=\"color: #ff9900\"><strong>ORO<br \/>\n<\/strong><\/span><strong>-LISA VITTOZZI\u00a0 Biathlon estivo\u00a0 Individuale\u00a0 Assoluti<br \/>\n<\/strong>-DESIREE RIBBI\u00a0 Biathlon estivo\u00a0 Individuale\u00a0 U17<br \/>\n-DESIREE RIBBI\u00a0 Biathlon estivo\u00a0 Sprint\u00a0 U17<br \/>\n-ILARIA SCATTOLO\u00a0 Biathlon estivo\u00a0 Individuale\u00a0 U19<br \/>\n-ILARIA SCATTOLO\u00a0 Biathlon estivo\u00a0 Sprint\u00a0 U19<br \/>\n-SARA SCATTOLO\u00a0 Biathlon\u00a0 Sprint\u00a0 U19<br \/>\n-SARA SCATTOLO\u00a0 Biathlon\u00a0 Individuale\u00a0 U19<br \/>\n-SARA SCATTOLO\u00a0 Biathlon\u00a0 Inseguimento\u00a0 U19<br \/>\n-SQUADRA (<em>Ilaria Scattolo, Serena Del Fabbro e Giada Monegato)\u00a0 <\/em>Biathlon\u00a0 Staffetta\u00a0 U19<br \/>\n-SQUADRA CS Esercito (<em>Sara Scattolo<\/em>)\u00a0 Biathlon\u00a0 Staffetta\u00a0 U22<strong><br \/>\n-MATTIA VARIOLA\u00a0 Bob a 2\u00a0 Estivi spinta\u00a0 Assoluti<br \/>\n-MATTIA VARIOLA\u00a0 Bob a 4\u00a0 Estivi spinta\u00a0 Assoluti<br \/>\n<\/strong>-SAMUELE BELTRAME\u00a0 Combinata\u00a0 U12<br \/>\n-LUDOVICA DEL BIANCO\u00a0 Combinata\u00a0 U14<strong><br \/>\n<\/strong>-MARIA GISMONDI\u00a0 Fondo\u00a0 10 km tl MS\u00a0 U18<br \/>\n-SAMUELE BELTRAME\u00a0 Salto\u00a0 U12<br \/>\n-SAMUELE BELTRAME\u00a0 Salto\u00a0 U14<strong><br \/>\n-FRANCESCO CECON\u00a0 Salto\u00a0 Assoluti<br \/>\n<\/strong>-LUDOVICA DEL BIANCO\u00a0 Salto\u00a0 U14<strong><br \/>\n<\/strong><strong>-MARA MARTINI\u00a0 Sci Alpinismo\u00a0 Sprint\u00a0 Assoluti<br \/>\n-MICHAEL GALASSI\u00a0 Skiroll\u00a0 Salita TC\u00a0 Assoluti<br \/>\n<\/strong>-MARTINA DI CENTA\u00a0 Skiroll\u00a0 Sprint\u00a0 U23<br \/>\n-MARTINA DI CENTA\u00a0 Skiroll\u00a0 10 km\u00a0 U23<br \/>\n-DAVIDE GRAZ\u00a0 Skiroll\u00a0 Sprint\u00a0 U23<br \/>\n-LUCA SCLISIZZO\u00a0 Skiroll\u00a0 15 km\u00a0 U23<strong><br \/>\n<\/strong>-MARCO GAUDENZIO\u00a0 Skiroll\u00a0 Salita TC\u00a0 \u00a0U18<\/p>\n<p><span style=\"color: #808080\"><strong>ARGENTO<\/strong><\/span><br \/>\n-ALEX PERISSUTTI\u00a0 Biathlon\u00a0 Individuale\u00a0 U19<br \/>\n-MAYA PIVIDORI \u00a0Biathlon estivo\u00a0 Sprint\u00a0 U17<br \/>\n-ASTRID PL\u00d6SCH\u00a0 Biathlon\u00a0 Inseguimento\u00a0 U19<br \/>\n-ILARIA SCATTOLO\u00a0 Biathlon Sprint\u00a0 U19<br \/>\n-SQUADRA (<em>Alex Perissutti, Pietro Pallober e Mattia Piller Hoffer) <\/em>\u00a0Biathlon\u00a0 Staffetta\u00a0 U19<br \/>\n<strong>-RAFFAELE BUZZI\u00a0 Combinata\u00a0 Assoluti<br \/>\n<\/strong>-LUDOVICA DEL BIANCO\u00a0 Combinata\u00a0 U16<br \/>\n-ANDREA GARTNER\u00a0 Fondo\u00a0 10 km tc\u00a0 U20<br \/>\n-MARIA GISMONDI\u00a0 Fondo\u00a0 5 km tc\u00a0 U18<br \/>\n-LUDOVICA DEL BIANCO\u00a0 Salto\u00a0 U16<br \/>\n-NOELIA VUERICH\u00a0 Salto\u00a0 U16<br \/>\n-MARIA GISMONDI\u00a0 Skiroll\u00a0 Sprint\u00a0 U18<br \/>\n-DAVIDE GRAZ\u00a0 Skiroll\u00a0 15 km\u00a0 U23<\/p>\n<p><strong><span style=\"color: #993366\">BRONZO<\/span><\/strong><br \/>\n<strong>-NICOLA ROMANIN\u00a0 Biathlon estivo\u00a0 Individuale\u00a0 Assoluti<br \/>\n-ELEONORA FAUNER\u00a0 Biathlon estivo\u00a0 Sprint\u00a0 Assoluti<\/strong><br \/>\n-PIETRO PALLOBER\u00a0 Biathlon estivo\u00a0 Individuale\u00a0 U19<br \/>\n-MATTIA PILLER HOFFER\u00a0 Biathlon\u00a0 Individuale\u00a0 U19<br \/>\n-MAYA PIVIDORI\u00a0 Biathlon\u00a0 Sprint\u00a0 U17<br \/>\n-MAYA PIVIDORI\u00a0 Biathlon\u00a0 Inseguimento\u00a0 U17<br \/>\n-MAYA PIVIDORI\u00a0 Biathlon\u00a0 Individuale U17<br \/>\n-ASTRID PL\u00d6SCH\u00a0 Biathlon\u00a0 Sprint\u00a0 U19<br \/>\n-ILARIA SCATTOLO\u00a0 Biathlon Inseguimento\u00a0 U19<br \/>\n<strong>-ALESSANDRO PITTIN\u00a0 Combinata\u00a0 Assoluti<br \/>\n<\/strong>-GRETA PINZANI\u00a0 Combinata\u00a0 Juniores<strong><br \/>\n-TANIA VICENZINO\u00a0 Monobob\u00a0 Estivi Spinta\u00a0 Assoluti<\/strong><br \/>\n<strong>-COSTANTINO UGHI\u00a0 Bob a 4\u00a0 Estivi Spinta\u00a0 Assoluti<br \/>\n<\/strong>-CAMILLA COMAZZI\u00a0 Salto\u00a0 Juniores<strong><br \/>\n-CRISTINA PITTIN\u00a0 Skiroll\u00a0 10 km\u00a0 \u00a0Assoluti<br \/>\n-GIUSEPPE MONTELLO\u00a0 Skiroll\u00a0 15 km\u00a0 Assoluti<br \/>\n<\/strong>-LUCA DEL FABBRO\u00a0 Skiroll\u00a0 15 km\u00a0 U23<strong><br \/>\n<\/strong><\/p>\n<p>&nbsp;<\/p>\n","protected":false},"excerpt":{"rendered":"<p>Trionfo dell&#8217;Italia con le sorelle di Forni Avoltri nella prova iridata di Soldier Hollow<\/p>\n","protected":false},"author":4,"featured_media":86896,"comment_status":"closed","ping_status":"closed","sticky":false,"template":"","format":"standard","meta":{"_acf_changed":false,"footnotes":""},"categories":[13,10],"tags":[],"acf":[],"_links":{"self":[{"href":"https:\/\/comitati.fisi.org\/friuli-venezia-giulia\/wp-json\/wp\/v2\/posts\/86871"}],"collection":[{"href":"https:\/\/comitati.fisi.org\/friuli-venezia-giulia\/wp-json\/wp\/v2\/posts"}],"about":[{"href":"https:\/\/comitati.fisi.org\/friuli-venezia-giulia\/wp-json\/wp\/v2\/types\/post"}],"author":[{"embeddable":true,"href":"https:\/\/comitati.fisi.org\/friuli-venezia-giulia\/wp-json\/wp\/v2\/users\/4"}],"replies":[{"embeddable":true,"href":"https:\/\/comitati.fisi.org\/friuli-venezia-giulia\/wp-json\/wp\/v2\/comments?post=86871"}],"version-history":[{"count":0,"href":"https:\/\/comitati.fisi.org\/friuli-venezia-giulia\/wp-json\/wp\/v2\/posts\/86871\/revisions"}],"wp:featuredmedia":[{"embeddable":true,"href":"https:\/\/comitati.fisi.org\/friuli-venezia-giulia\/wp-json\/wp\/v2\/media\/86896"}],"wp:attachment":[{"href":"https:\/\/comitati.fisi.org\/friuli-venezia-giulia\/wp-json\/wp\/v2\/media?parent=86871"}],"wp:term":[{"taxonomy":"category","embeddable":true,"href":"https:\/\/comitati.fisi.org\/friuli-venezia-giulia\/wp-json\/wp\/v2\/categories?post=86871"},{"taxonomy":"post_tag","embeddable":true,"href":"https:\/\/comitati.fisi.org\/friuli-venezia-giulia\/wp-json\/wp\/v2\/tags?post=86871"}],"curies":[{"name":"wp","href":"https:\/\/api.w.org\/{rel}","templated":true}]}}