{"id":86855,"date":"2022-03-01T12:12:31","date_gmt":"2022-03-01T11:12:31","guid":{"rendered":"https:\/\/www.fisifvg.org\/?p=86855"},"modified":"2022-03-01T12:12:31","modified_gmt":"2022-03-01T11:12:31","slug":"trasferta-di-coppa-del-mondo-a-oslo-per-buzzi-e-pittin","status":"publish","type":"post","link":"https:\/\/comitati.fisi.org\/friuli-venezia-giulia\/blog\/2022\/03\/01\/trasferta-di-coppa-del-mondo-a-oslo-per-buzzi-e-pittin\/","title":{"rendered":"Trasferta di Coppa del Mondo a Oslo per Buzzi e Pittin"},"content":{"rendered":"<p>Si sposta a Oslo la Coppa del mondo 2021\/2022 di combinata nordica. A partire da venerd\u00ec gli atleti saranno impegnati nella localit\u00e0 norvegese per tre giorni di gare: si comincer\u00e0 con il tradizionale Provisional Competition Round per poi proseguire con due Gundersen spalmate in altrettante giornate, dal 4 al 6 marzo. L\u2019Italia parteciper\u00e0 alla tappa della competizione, con tre atleti convocati dal coordinatore squadre Sandro Sambugaro: Samuel Costa, <strong>Raffaele Buzzi e Alessandro Pittin.<\/strong> A seguire gli azzurri impegnati in gara, lo staff tecnico composto dagli allenatori Danny Winkelmann, Pietro Frigo e Ivan Lunardi.<\/p>\n<p>Il programma completo della quattro giorni di Oslo:<\/p>\n<p><strong>Ven. 04\/03<\/strong> \u2013 Cdm \u2013 Provisional Competition Round Oslo (Nor) \u2013 ore 10.15<br \/>\n<strong>Sab. 05\/03<\/strong> \u2013 Cdm \u2013 Gundersen HS134\/10 km maschile Oslo (Nor) \u2013 ore 09.00 e 14.30, diretta tv Eurosport<br \/>\n<strong>Dom. 06\/03<\/strong> \u2013 Cdm \u2013 Gundersen HS134\/10 km maschile Oslo (Nor) \u2013 ore 09.30 e 15.00, diretta tv Eurosport<\/p>\n","protected":false},"excerpt":{"rendered":"<p>La combinata nordica propone due gare sul trampolino HS134 norvegese<\/p>\n","protected":false},"author":4,"featured_media":76725,"comment_status":"closed","ping_status":"closed","sticky":false,"template":"","format":"standard","meta":{"_acf_changed":false,"footnotes":""},"categories":[14,10],"tags":[],"acf":[],"_links":{"self":[{"href":"https:\/\/comitati.fisi.org\/friuli-venezia-giulia\/wp-json\/wp\/v2\/posts\/86855"}],"collection":[{"href":"https:\/\/comitati.fisi.org\/friuli-venezia-giulia\/wp-json\/wp\/v2\/posts"}],"about":[{"href":"https:\/\/comitati.fisi.org\/friuli-venezia-giulia\/wp-json\/wp\/v2\/types\/post"}],"author":[{"embeddable":true,"href":"https:\/\/comitati.fisi.org\/friuli-venezia-giulia\/wp-json\/wp\/v2\/users\/4"}],"replies":[{"embeddable":true,"href":"https:\/\/comitati.fisi.org\/friuli-venezia-giulia\/wp-json\/wp\/v2\/comments?post=86855"}],"version-history":[{"count":0,"href":"https:\/\/comitati.fisi.org\/friuli-venezia-giulia\/wp-json\/wp\/v2\/posts\/86855\/revisions"}],"wp:featuredmedia":[{"embeddable":true,"href":"https:\/\/comitati.fisi.org\/friuli-venezia-giulia\/wp-json\/wp\/v2\/media\/76725"}],"wp:attachment":[{"href":"https:\/\/comitati.fisi.org\/friuli-venezia-giulia\/wp-json\/wp\/v2\/media?parent=86855"}],"wp:term":[{"taxonomy":"category","embeddable":true,"href":"https:\/\/comitati.fisi.org\/friuli-venezia-giulia\/wp-json\/wp\/v2\/categories?post=86855"},{"taxonomy":"post_tag","embeddable":true,"href":"https:\/\/comitati.fisi.org\/friuli-venezia-giulia\/wp-json\/wp\/v2\/tags?post=86855"}],"curies":[{"name":"wp","href":"https:\/\/api.w.org\/{rel}","templated":true}]}}