{"id":86821,"date":"2022-02-28T15:11:36","date_gmt":"2022-02-28T14:11:36","guid":{"rendered":"https:\/\/www.fisifvg.org\/?p=86821"},"modified":"2022-02-28T15:11:36","modified_gmt":"2022-02-28T14:11:36","slug":"con-sinigoi-e-ostolidi-e-doppietta-fvg-nello-slalom-fis-njr-di-piancavallo","status":"publish","type":"post","link":"https:\/\/comitati.fisi.org\/friuli-venezia-giulia\/blog\/2022\/02\/28\/con-sinigoi-e-ostolidi-e-doppietta-fvg-nello-slalom-fis-njr-di-piancavallo\/","title":{"rendered":"Con Sinigoi e Ostolidi \u00e8 doppietta FVG nello slalom FIS NJR di Piancavallo"},"content":{"rendered":"<p>Doppietta per la squadra FISI FVG nel primo dei due slalom FIS NJR organizzati a Piancavallo dallo Sci Club Pordenone.<\/p>\n<p>Tra le ragazze dominio assoluto di Caterina Sinigoi, che infligge distacchi abissali facendo meglio in entrambe le manche di pi\u00f9 di un secondo rispetto all&#8217;avversaria pi\u00f9 vicina. Al traguardo la diciottenne del Devin avr\u00e0 un vantaggio di 2&#8243;66 sulla seconda, la slovena Vida Ravnikar, e di 3&#8243;49 sulla terza, Silvia Belli. Per Caterina \u00e8 il quarto successo stagionale<\/p>\n<p>Anche nella prova maschile c&#8217;\u00e8 stato un successo netto, quello di Alex Ostolidi dello Sci CAI Monte Lussari, al comando anche a met\u00e0 gara, che ha preceduto di 1&#8243;14 Lorenzo Salvati e 1&#8243;83 su Massimo D&#8217;Ercole. Alex conquista cos\u00ec la quarta vittoria in carriera in una FIS.<\/p>\n<p>Altri tre esponenti degli sci club FISI FVG si piazzano nei primi dieci: dal settimo al nono posto rispettivamente Nikola Kerpan del Devin, Daniele Cochetti del Bachmannn e Francesco La Grassa del 5 Cime.<\/p>\n<p>Domani si replica.<\/p>\n<p><a href=\"http:\/\/comitati.fisi.org\/friuli-venezia-giulia\/wp-content\/uploads\/sites\/34\/2022\/02\/classifica-ufficiale-men.pdf\">Classifica maschile<\/a><br \/>\n<a href=\"http:\/\/comitati.fisi.org\/friuli-venezia-giulia\/wp-content\/uploads\/sites\/34\/2022\/02\/classifica-ufficiale-women.pdf\">Classifica femminile<\/a><\/p>\n<p><a href=\"http:\/\/comitati.fisi.org\/friuli-venezia-giulia\/wp-content\/uploads\/sites\/34\/2022\/02\/ODP-WOMEN-1-Manche-FIS.pdf\">START LIST femminile 1-3<\/a><br \/>\n<a href=\"http:\/\/comitati.fisi.org\/friuli-venezia-giulia\/wp-content\/uploads\/sites\/34\/2022\/02\/ODP-MEN-1-Manche-FIS.pdf\">START LIST maschile 1-3<\/a><\/p>\n<p style=\"text-align: center\"><b>FOTOGALLERY PODI<\/b><\/p>\n<div id='gallery-1' class='gallery galleryid-86821 gallery-columns-1 gallery-size-large'><dl class='gallery-item'>\n\t\t\t<dt class='gallery-icon landscape'>\n\t\t\t\t<a href='https:\/\/comitati.fisi.org\/friuli-venezia-giulia\/blog\/2022\/02\/28\/con-sinigoi-e-ostolidi-e-doppietta-fvg-nello-slalom-fis-njr-di-piancavallo\/c97a5843\/'><img loading=\"lazy\" decoding=\"async\" width=\"1024\" height=\"683\" src=\"https:\/\/comitati.fisi.org\/friuli-venezia-giulia\/wp-content\/uploads\/sites\/34\/2022\/02\/C97A5843-1024x683.jpeg\" class=\"attachment-large size-large\" alt=\"\" aria-describedby=\"gallery-1-86839\" srcset=\"https:\/\/comitati.fisi.org\/friuli-venezia-giulia\/wp-content\/uploads\/sites\/34\/2022\/02\/C97A5843-1024x683.jpeg 1024w, https:\/\/comitati.fisi.org\/friuli-venezia-giulia\/wp-content\/uploads\/sites\/34\/2022\/02\/C97A5843-300x200.jpeg 300w, https:\/\/comitati.fisi.org\/friuli-venezia-giulia\/wp-content\/uploads\/sites\/34\/2022\/02\/C97A5843-768x512.jpeg 768w, https:\/\/comitati.fisi.org\/friuli-venezia-giulia\/wp-content\/uploads\/sites\/34\/2022\/02\/C97A5843-1536x1024.jpeg 1536w, https:\/\/comitati.fisi.org\/friuli-venezia-giulia\/wp-content\/uploads\/sites\/34\/2022\/02\/C97A5843-2048x1365.jpeg 2048w\" sizes=\"(max-width: 1024px) 100vw, 1024px\" \/><\/a>\n\t\t\t<\/dt>\n\t\t\t\t<dd class='wp-caption-text gallery-caption' id='gallery-1-86839'>\n\t\t\t\tGIOVANI FEMMINILE\n\t\t\t\t<\/dd><\/dl><dl class='gallery-item'>\n\t\t\t<dt class='gallery-icon landscape'>\n\t\t\t\t<a href='https:\/\/comitati.fisi.org\/friuli-venezia-giulia\/blog\/2022\/02\/28\/con-sinigoi-e-ostolidi-e-doppietta-fvg-nello-slalom-fis-njr-di-piancavallo\/c97a5835\/'><img loading=\"lazy\" decoding=\"async\" width=\"1024\" height=\"683\" src=\"https:\/\/comitati.fisi.org\/friuli-venezia-giulia\/wp-content\/uploads\/sites\/34\/2022\/02\/C97A5835-1024x683.jpeg\" class=\"attachment-large size-large\" alt=\"\" aria-describedby=\"gallery-1-86842\" srcset=\"https:\/\/comitati.fisi.org\/friuli-venezia-giulia\/wp-content\/uploads\/sites\/34\/2022\/02\/C97A5835-1024x683.jpeg 1024w, https:\/\/comitati.fisi.org\/friuli-venezia-giulia\/wp-content\/uploads\/sites\/34\/2022\/02\/C97A5835-300x200.jpeg 300w, https:\/\/comitati.fisi.org\/friuli-venezia-giulia\/wp-content\/uploads\/sites\/34\/2022\/02\/C97A5835-768x512.jpeg 768w, https:\/\/comitati.fisi.org\/friuli-venezia-giulia\/wp-content\/uploads\/sites\/34\/2022\/02\/C97A5835-1536x1024.jpeg 1536w, https:\/\/comitati.fisi.org\/friuli-venezia-giulia\/wp-content\/uploads\/sites\/34\/2022\/02\/C97A5835-2048x1365.jpeg 2048w\" sizes=\"(max-width: 1024px) 100vw, 1024px\" \/><\/a>\n\t\t\t<\/dt>\n\t\t\t\t<dd class='wp-caption-text gallery-caption' id='gallery-1-86842'>\n\t\t\t\tASPIRANTI FEMMINILE\n\t\t\t\t<\/dd><\/dl><dl class='gallery-item'>\n\t\t\t<dt class='gallery-icon landscape'>\n\t\t\t\t<a href='https:\/\/comitati.fisi.org\/friuli-venezia-giulia\/blog\/2022\/02\/28\/con-sinigoi-e-ostolidi-e-doppietta-fvg-nello-slalom-fis-njr-di-piancavallo\/c97a5845\/'><img loading=\"lazy\" decoding=\"async\" width=\"1024\" height=\"683\" src=\"https:\/\/comitati.fisi.org\/friuli-venezia-giulia\/wp-content\/uploads\/sites\/34\/2022\/02\/C97A5845-1024x683.jpeg\" class=\"attachment-large size-large\" alt=\"\" aria-describedby=\"gallery-1-86841\" srcset=\"https:\/\/comitati.fisi.org\/friuli-venezia-giulia\/wp-content\/uploads\/sites\/34\/2022\/02\/C97A5845-1024x683.jpeg 1024w, https:\/\/comitati.fisi.org\/friuli-venezia-giulia\/wp-content\/uploads\/sites\/34\/2022\/02\/C97A5845-300x200.jpeg 300w, https:\/\/comitati.fisi.org\/friuli-venezia-giulia\/wp-content\/uploads\/sites\/34\/2022\/02\/C97A5845-768x512.jpeg 768w, https:\/\/comitati.fisi.org\/friuli-venezia-giulia\/wp-content\/uploads\/sites\/34\/2022\/02\/C97A5845-1536x1024.jpeg 1536w, https:\/\/comitati.fisi.org\/friuli-venezia-giulia\/wp-content\/uploads\/sites\/34\/2022\/02\/C97A5845-2048x1365.jpeg 2048w\" sizes=\"(max-width: 1024px) 100vw, 1024px\" \/><\/a>\n\t\t\t<\/dt>\n\t\t\t\t<dd class='wp-caption-text gallery-caption' id='gallery-1-86841'>\n\t\t\t\tGIOVANI MASCHILE\n\t\t\t\t<\/dd><\/dl><dl class='gallery-item'>\n\t\t\t<dt class='gallery-icon landscape'>\n\t\t\t\t<a href='https:\/\/comitati.fisi.org\/friuli-venezia-giulia\/blog\/2022\/02\/28\/con-sinigoi-e-ostolidi-e-doppietta-fvg-nello-slalom-fis-njr-di-piancavallo\/c97a5836\/'><img loading=\"lazy\" decoding=\"async\" width=\"1024\" height=\"683\" src=\"https:\/\/comitati.fisi.org\/friuli-venezia-giulia\/wp-content\/uploads\/sites\/34\/2022\/02\/C97A5836-1024x683.jpeg\" class=\"attachment-large size-large\" alt=\"\" aria-describedby=\"gallery-1-86840\" srcset=\"https:\/\/comitati.fisi.org\/friuli-venezia-giulia\/wp-content\/uploads\/sites\/34\/2022\/02\/C97A5836-1024x683.jpeg 1024w, https:\/\/comitati.fisi.org\/friuli-venezia-giulia\/wp-content\/uploads\/sites\/34\/2022\/02\/C97A5836-300x200.jpeg 300w, https:\/\/comitati.fisi.org\/friuli-venezia-giulia\/wp-content\/uploads\/sites\/34\/2022\/02\/C97A5836-768x512.jpeg 768w, https:\/\/comitati.fisi.org\/friuli-venezia-giulia\/wp-content\/uploads\/sites\/34\/2022\/02\/C97A5836-1536x1024.jpeg 1536w, https:\/\/comitati.fisi.org\/friuli-venezia-giulia\/wp-content\/uploads\/sites\/34\/2022\/02\/C97A5836-2048x1365.jpeg 2048w\" sizes=\"(max-width: 1024px) 100vw, 1024px\" \/><\/a>\n\t\t\t<\/dt>\n\t\t\t\t<dd class='wp-caption-text gallery-caption' id='gallery-1-86840'>\n\t\t\t\tASPIRANTI MASCHILE\n\t\t\t\t<\/dd><\/dl>\n\t\t<\/div>\n\n<p>&nbsp;<\/p>\n","protected":false},"excerpt":{"rendered":"<p>Oggi la prima delle due gare organizzate dallo Sci Club Pordenone<\/p>\n","protected":false},"author":4,"featured_media":86838,"comment_status":"closed","ping_status":"closed","sticky":false,"template":"","format":"standard","meta":{"_acf_changed":false,"footnotes":""},"categories":[15],"tags":[],"acf":[],"_links":{"self":[{"href":"https:\/\/comitati.fisi.org\/friuli-venezia-giulia\/wp-json\/wp\/v2\/posts\/86821"}],"collection":[{"href":"https:\/\/comitati.fisi.org\/friuli-venezia-giulia\/wp-json\/wp\/v2\/posts"}],"about":[{"href":"https:\/\/comitati.fisi.org\/friuli-venezia-giulia\/wp-json\/wp\/v2\/types\/post"}],"author":[{"embeddable":true,"href":"https:\/\/comitati.fisi.org\/friuli-venezia-giulia\/wp-json\/wp\/v2\/users\/4"}],"replies":[{"embeddable":true,"href":"https:\/\/comitati.fisi.org\/friuli-venezia-giulia\/wp-json\/wp\/v2\/comments?post=86821"}],"version-history":[{"count":0,"href":"https:\/\/comitati.fisi.org\/friuli-venezia-giulia\/wp-json\/wp\/v2\/posts\/86821\/revisions"}],"wp:featuredmedia":[{"embeddable":true,"href":"https:\/\/comitati.fisi.org\/friuli-venezia-giulia\/wp-json\/wp\/v2\/media\/86838"}],"wp:attachment":[{"href":"https:\/\/comitati.fisi.org\/friuli-venezia-giulia\/wp-json\/wp\/v2\/media?parent=86821"}],"wp:term":[{"taxonomy":"category","embeddable":true,"href":"https:\/\/comitati.fisi.org\/friuli-venezia-giulia\/wp-json\/wp\/v2\/categories?post=86821"},{"taxonomy":"post_tag","embeddable":true,"href":"https:\/\/comitati.fisi.org\/friuli-venezia-giulia\/wp-json\/wp\/v2\/tags?post=86821"}],"curies":[{"name":"wp","href":"https:\/\/api.w.org\/{rel}","templated":true}]}}