{"id":86594,"date":"2022-02-25T16:24:32","date_gmt":"2022-02-25T15:24:32","guid":{"rendered":"https:\/\/www.fisifvg.org\/?p=86594"},"modified":"2022-02-25T16:24:32","modified_gmt":"2022-02-25T15:24:32","slug":"conclusi-i-3-giorni-di-allenamenti-a-piancavallo-degli-azzurri-dello-snowboard","status":"publish","type":"post","link":"https:\/\/comitati.fisi.org\/friuli-venezia-giulia\/blog\/2022\/02\/25\/conclusi-i-3-giorni-di-allenamenti-a-piancavallo-degli-azzurri-dello-snowboard\/","title":{"rendered":"Conclusi i 3 giorni di allenamenti a Piancavallo degli azzurri dello snowboard"},"content":{"rendered":"<div>Si sono conclusi i tre giorni di allenamento della squadra azzurra di snowboard a Piancavallo, in preparazione della coppa del mondo del 12-13 marzo.<\/div>\n<div>Prima del rientro a casa, il team italiano ha partecipato oggi al <i>Welcome Day (<strong>vedi copertina<\/strong>), <\/i>promosso dallo Sci club Panorama di Pordenone, sodalizio che organizzer\u00e0 la tappa friulana della Cdm.<\/div>\n<div>\n<div id=\"attachment_86595\" style=\"width: 510px\" class=\"wp-caption alignright\"><a href=\"http:\/\/comitati.fisi.org\/friuli-venezia-giulia\/wp-content\/uploads\/sites\/34\/2022\/02\/SNOWBOARD-22-Fischnaller-a-Piancavallo.jpg\"><img loading=\"lazy\" decoding=\"async\" aria-describedby=\"caption-attachment-86595\" class=\"wp-image-86595\" src=\"http:\/\/comitati.fisi.org\/friuli-venezia-giulia\/wp-content\/uploads\/sites\/34\/2022\/02\/SNOWBOARD-22-Fischnaller-a-Piancavallo-400x400.jpg\" alt=\"\" width=\"500\" height=\"256\" \/><\/a><p id=\"caption-attachment-86595\" class=\"wp-caption-text\">Roland Fischnaller in azione a Piancavallo<\/p><\/div>\n<p>Il fuoriclasse quarantunenne altoatesino Roland Fischnaller ha espresso l&#8217;auspicio di poter puntare alla vittoria, dopo il secondo posto del 2020. &#8220;<i>Tutta la nostra squadra si trova sempre molto bene qui a Piancavallo- <\/i>dice <i>-. Le piste sono in condizioni perfette cos\u00ec come la logistica e i servizi, grazie alla professionalit\u00e0 e disponibilit\u00e0 di PromoTurismoFVG<\/i>. <i>La pista mi piace molto &#8211;<\/i> ha concluso <span style=\"color: #000000\">\u201cCapitan Fisch\u201d &#8211; <\/span><span style=\"color: #000000\"><i>e sono fiducioso per un buon risultato&#8221;.<\/i><\/span><\/div>\n<p>Gli atleti e staff tecnico hanno ricevuto i saluti del presidente del comitato organizzatore Michele Scaramuzza, del direttore esecutivo di PromoTurismoFVG, Iacopo Mestroni, dell&#8217;assessore allo sport del Comune di Pordenone, Walter De Bortoli e del presidente della FISI Friuli Venezia Giulia nonch\u00e9 a capo di Eyof 2023, Maurizio Dunnhofer che, per l&#8217;occasione, ha omaggiato il team azzurro con le polo ufficiali del Festival olimpico invernale della giovent\u00f9 europea FVG 2023, le cui competizioni di snowboard si terranno proprio a Piancavallo nel mese di gennaio.<\/p>\n<p><em><strong>(foto di Sergio Vaccher)<\/strong><\/em><\/p>\n<p>&nbsp;<\/p>\n","protected":false},"excerpt":{"rendered":"<p>Prima del rientro a casa, il team italiano ha partecipato oggi al Welcome Day, promosso dallo Sci club Panorama, sodalizio che organizzer\u00e0 la tappa friulana di Coppa del Mondo<\/p>\n","protected":false},"author":4,"featured_media":86596,"comment_status":"closed","ping_status":"closed","sticky":false,"template":"","format":"standard","meta":{"_acf_changed":false,"footnotes":""},"categories":[24,18],"tags":[],"acf":[],"_links":{"self":[{"href":"https:\/\/comitati.fisi.org\/friuli-venezia-giulia\/wp-json\/wp\/v2\/posts\/86594"}],"collection":[{"href":"https:\/\/comitati.fisi.org\/friuli-venezia-giulia\/wp-json\/wp\/v2\/posts"}],"about":[{"href":"https:\/\/comitati.fisi.org\/friuli-venezia-giulia\/wp-json\/wp\/v2\/types\/post"}],"author":[{"embeddable":true,"href":"https:\/\/comitati.fisi.org\/friuli-venezia-giulia\/wp-json\/wp\/v2\/users\/4"}],"replies":[{"embeddable":true,"href":"https:\/\/comitati.fisi.org\/friuli-venezia-giulia\/wp-json\/wp\/v2\/comments?post=86594"}],"version-history":[{"count":0,"href":"https:\/\/comitati.fisi.org\/friuli-venezia-giulia\/wp-json\/wp\/v2\/posts\/86594\/revisions"}],"wp:featuredmedia":[{"embeddable":true,"href":"https:\/\/comitati.fisi.org\/friuli-venezia-giulia\/wp-json\/wp\/v2\/media\/86596"}],"wp:attachment":[{"href":"https:\/\/comitati.fisi.org\/friuli-venezia-giulia\/wp-json\/wp\/v2\/media?parent=86594"}],"wp:term":[{"taxonomy":"category","embeddable":true,"href":"https:\/\/comitati.fisi.org\/friuli-venezia-giulia\/wp-json\/wp\/v2\/categories?post=86594"},{"taxonomy":"post_tag","embeddable":true,"href":"https:\/\/comitati.fisi.org\/friuli-venezia-giulia\/wp-json\/wp\/v2\/tags?post=86594"}],"curies":[{"name":"wp","href":"https:\/\/api.w.org\/{rel}","templated":true}]}}