{"id":86496,"date":"2022-02-22T17:19:28","date_gmt":"2022-02-22T16:19:28","guid":{"rendered":"https:\/\/www.fisifvg.org\/?p=86496"},"modified":"2022-02-22T17:19:28","modified_gmt":"2022-02-22T16:19:28","slug":"snowboard-gli-azzurri-si-allenano-a-piancavallo-aspettando-la-coppa-del-mondo","status":"publish","type":"post","link":"https:\/\/comitati.fisi.org\/friuli-venezia-giulia\/blog\/2022\/02\/22\/snowboard-gli-azzurri-si-allenano-a-piancavallo-aspettando-la-coppa-del-mondo\/","title":{"rendered":"Snowboard, gli azzurri si allenano a Piancavallo aspettando la Coppa del Mondo"},"content":{"rendered":"<p align=\"JUSTIFY\"><span style=\"color: #000000\">In Friuli Venezia Giulia ritorna la Coppa del Mondo di snowboard. Il 12 e 13 marzo Piancavallo sar\u00e0 nuovamente sede di una tappa del circuito internazionale FIS. Sull&#8217;impegnativa e tecnica pista Sauc vedremo in azione i campioni olimpici, reduci dai Giochi di Pechino 2022 e gli altri grandi interpreti mondiali della \u201ctavola\u201d &#8211; discipline alpine. Sabato 12 marzo si svolger\u00e0 <\/span><b><span style=\"color: #000000\">lo slalom parallelo mentre domenica 13, lo slalom parallelo a squadre. <\/span><\/b><span style=\"color: #000000\">Confermato quindi il programma del <\/span><span style=\"color: #000000\">gennaio 2020 quando la localit\u00e0 sciistica dell&#8217;avianese festeggi\u00f2 il ritorno dei grandi eventi dello snowboard. In quella occasione vinsero l&#8217;elvetica Julie Zogg e il fortissimo austriaco Andreas Prommegger che precedette il mitico azzurro Roland Fischnaller. Nel team event la Germania conquist\u00f2 il primo posto davanti all&#8217;Italia e all&#8217;Austria.<\/span><\/p>\n<p align=\"JUSTIFY\"><span style=\"color: #000000\">\u201c<i>Capitan Fisch\u201d<\/i><\/span><span style=\"color: #000000\"> (Roland Fischnaller) vorr\u00e0 sicuramene lasciare il segno nella gara friulana dopo la delusione olimpica dove, alla sua sesta olimpiade e a 41 anni, ha sfiorato la sua prima medaglia 5 cerchi, arrivando quarto<\/span><i><span style=\"color: #000000\">.<\/span><\/i><\/p>\n<p align=\"JUSTIFY\"><span style=\"color: #000000\">Venerd\u00ec 25 febbraio, alle ore 11.00 presso la baita \u201cLa Genzianella\u201d a Piancavallo, lo Sci Club Panorama, in veste di organizzatore della tappa friulana della coppa del mondo 2022, organizzer\u00e0 un breve <\/span><span style=\"color: #000000\"><i>Welcome day<\/i><\/span><span style=\"color: #000000\">\u00a0dedicato alla squadra azzurra che ha pianificato alcuni giorni di allenamenti (dal 23 al 25 febbraio) proprio sulle piste della localit\u00e0 del pordenonese. Il team italiano, dopo una sessione di training che si terr\u00e0 dalle 9 alle 10.30, sar\u00e0 accolto dalle autorit\u00e0 locali e regionali, dagli sci club e realt\u00e0 del territorio e dai massimi dirigenti di PromoTurismoFVG, partner fondamentale del comitato organizzatore insieme alla regione Friuli Venezia Giulia e Eyof 2023, il Festival olimpico invernale della giovent\u00f9 europea che, fra poco meno di un anno, si terr\u00e0 in regione. Le competizioni dello snowboard di questo evento sportivo, dedicato ai giovani dai 14 ai 18 anni, si svolgeranno proprio a Piancavallo.<\/span><\/p>\n<p align=\"JUSTIFY\"><span style=\"color: #000000\">Ecco gli azzurri presenti a Piancavallo nei prossimi giorni:\u00a0<\/span><span style=\"color: #000000\">Roland Fischnaller, Daniele Bagozza, Edwin Coratti, Aaron March, Maurizio Bormolini, Nadya Ochner, Elisa Caffont, Jasmin Coratti e Lucia Dalmasso accompagnati dallo staff tecnico con Rudy Galli (Coach), <\/span><span style=\"color: #000000\">Alessio Amorth (Coach), Matteo Artina (Preparatore atletico, fisioterapista) e Jacopo Bardini (Skiman).<\/span><\/p>\n<div><span style=\"color: #000000\">Non solo Italia. Anche la squadra slovena ha scelto Piancavallo per una due giorni di allenamenti oggi e domani-<\/span><\/div>\n<div><\/div>\n","protected":false},"excerpt":{"rendered":"<p>Appuntamento il 12 e 13 marzo sulla Sauc con le stelle internazionali del parallelo<\/p>\n","protected":false},"author":4,"featured_media":66290,"comment_status":"closed","ping_status":"closed","sticky":false,"template":"","format":"standard","meta":{"_acf_changed":false,"footnotes":""},"categories":[10,18],"tags":[],"acf":[],"_links":{"self":[{"href":"https:\/\/comitati.fisi.org\/friuli-venezia-giulia\/wp-json\/wp\/v2\/posts\/86496"}],"collection":[{"href":"https:\/\/comitati.fisi.org\/friuli-venezia-giulia\/wp-json\/wp\/v2\/posts"}],"about":[{"href":"https:\/\/comitati.fisi.org\/friuli-venezia-giulia\/wp-json\/wp\/v2\/types\/post"}],"author":[{"embeddable":true,"href":"https:\/\/comitati.fisi.org\/friuli-venezia-giulia\/wp-json\/wp\/v2\/users\/4"}],"replies":[{"embeddable":true,"href":"https:\/\/comitati.fisi.org\/friuli-venezia-giulia\/wp-json\/wp\/v2\/comments?post=86496"}],"version-history":[{"count":0,"href":"https:\/\/comitati.fisi.org\/friuli-venezia-giulia\/wp-json\/wp\/v2\/posts\/86496\/revisions"}],"wp:featuredmedia":[{"embeddable":true,"href":"https:\/\/comitati.fisi.org\/friuli-venezia-giulia\/wp-json\/wp\/v2\/media\/66290"}],"wp:attachment":[{"href":"https:\/\/comitati.fisi.org\/friuli-venezia-giulia\/wp-json\/wp\/v2\/media?parent=86496"}],"wp:term":[{"taxonomy":"category","embeddable":true,"href":"https:\/\/comitati.fisi.org\/friuli-venezia-giulia\/wp-json\/wp\/v2\/categories?post=86496"},{"taxonomy":"post_tag","embeddable":true,"href":"https:\/\/comitati.fisi.org\/friuli-venezia-giulia\/wp-json\/wp\/v2\/tags?post=86496"}],"curies":[{"name":"wp","href":"https:\/\/api.w.org\/{rel}","templated":true}]}}