{"id":86450,"date":"2022-02-20T17:36:02","date_gmt":"2022-02-20T16:36:02","guid":{"rendered":"https:\/\/www.fisifvg.org\/?p=86450"},"modified":"2022-02-20T17:36:02","modified_gmt":"2022-02-20T16:36:02","slug":"alle-coppie-eydallin-boscacci-e-de-silvestro-murada-la-transcavallo-2022","status":"publish","type":"post","link":"https:\/\/comitati.fisi.org\/friuli-venezia-giulia\/blog\/2022\/02\/20\/alle-coppie-eydallin-boscacci-e-de-silvestro-murada-la-transcavallo-2022\/","title":{"rendered":"Alle coppie Eydallin-Boscacci e De Silvestro-Murada la Transcavallo 2022"},"content":{"rendered":"<div>La Transcavallo, gara di scialpinismo a squadre affiliata al prestigioso circuito La Grande Course, ha continuato a dare spettacolo. Le montagne a confine tra il Veneto e il Friuli Venezia Giulia, perfettamente imbiancate e le oltre 60 squadre hanno \u00a0reso la 39^ edizione memorabile. Anche oggi, dopo uno slittamento di 24 ore per attendere il ritorno del tempo stabile, il Comitato Transcavallo ha allestito un percorso con 2810 metri di dislivello di sola salita e 24 chilometri di sviluppo che ha reso onore a quei Mondiali di scialpinismo disputati proprio su quelle creste nel 2017. Le salite affrontate dalle squadre erano cinque con la spettacolare ascesa al Monte Castelat da conquistare lungo l\u2019affilata cresta a fil di cielo con gli sci nelle spalle e i ramponi calzati.<br \/>\nIl team del Centro Sportivo Esercito formato da Michele Boscacci, medaglia di bronzo nell\u2019Individual Race e nella Relay dei recenti Campionati Europei di scialpinismo e Matteo Eydallin argento nell\u2019Individual Race, sin dalle prime fasi di gara ha preso la testa della corsa lasciando agli inseguitori la battaglia per le altre posizioni del podio.<br \/>\nBoscacci-Eydallin fermano il cronometro con il tempo di 2:56\u201938\u2019\u2019 mentre alle loro spalle si classificano i loro compagni del Centro Sportivo Esericito Nadir Maguet e Davide Magnini con 2\u201910\u2019\u2019 di svantaggio. Il podio \u00e8 stato completato dalla squadra italo-austriaca di William Boffelli e Jakob Herrmann.<br \/>\nIn campo femminile nessuna difficolt\u00e0 per Alba De Silvestro e Giulia Murada, anche loro del Centro Sportivo Esercito, a vincere la 39^ edizione. Le azzurre chiudono la loro prova con il tempo di 3:41\u201944\u2019\u2019. Sul secondo gradino del podio salgono Elena Nicolini e Martina Valmassoi, completano lo schieramento delle premiazioni la trentina Giorgia Felicetti e l\u2019austriaca Stephanie Kroll.<br \/>\nNella prova individuale, partita 45 minuti dopo la gara pi\u00f9 lunga ha visto il dominio di Simone Manfroi (Asd Cauriol) in campo maschile mentre di Valeria Pasquazzo (Ski Team Lagorai) tra le donne. Il primo a fermato il cronometro in 1:44\u201904\u2019\u2019, alle sue spalle Germano Corazza (S.C. Dolomiti Ski-Alp) e Mauro Scagliarini (S.C. Dolomiti Ski-Alp).<br \/>\nTra le donne in seconda posizione si \u00e8 classificata Monica Tedesco (AG Sport Market).<br \/>\nGli atleti hanno gareggiato su un percorso ridotto che ha seguito le tracce delle prime due salite del percorso pi\u00f9 lungo. Lo sviluppo era di 13 chilometri mentre il dislivello positivo era di 1350 metri.<br \/>\nIn questi anni di pandemia, va ricordato, la Transcavallo non si \u00e8 mai fermata, anzi ha sempre lottato, non solo contro situazioni meteorologiche avverse per portare sulle proprie tracce i migliori atleti in circolazione.<\/div>\n<div>Archiviata la 39^ edizione l\u2019attenzione si sposter\u00e0 ai Mondiali Master di scialpinismo che si disputeranno il primo fine settimana di marzo sulle nevi di Piancavallo-Alpago.<br \/>\nVenerd\u00ec 4 marzo si correr\u00e0 la Vertical Race. Il percorso di gara sar\u00e0 lo stesso dei Mondiali del 2017. Domenica 6 marzo invece sar\u00e0 la volta dell\u2019individuai Race.<\/p>\n<p><em><strong>(comunicato stampa organizzazione)<\/strong><\/em><\/p>\n<p><a href=\"http:\/\/comitati.fisi.org\/friuli-venezia-giulia\/wp-content\/uploads\/sites\/34\/2022\/02\/20220220_Tambre_SQ_ClassificaAssoluti.pdf\">Classifica a coppie<\/a><br \/>\n<a href=\"http:\/\/comitati.fisi.org\/friuli-venezia-giulia\/wp-content\/uploads\/sites\/34\/2022\/02\/20220220_Tambre_SQ_ClassificaCategoria.pdf\">Classica a coppie &#8211; categorie<\/a><br \/>\n<a href=\"http:\/\/comitati.fisi.org\/friuli-venezia-giulia\/wp-content\/uploads\/sites\/34\/2022\/02\/20220220_Tambre_IN_ClassificaAssoluta.pdf\">Classifica individuale<\/a><br \/>\n<a href=\"http:\/\/comitati.fisi.org\/friuli-venezia-giulia\/wp-content\/uploads\/sites\/34\/2022\/02\/20220220_Tambre_IN_ClassificaCategoria.pdf\">Classifica individuale &#8211; categorie<\/a><\/div>\n<div><\/div>\n","protected":false},"excerpt":{"rendered":"<p>Vittoria delle coppie favorite nella classica manifestazione che si sviluppa fra Veneto e Friuli Venezia Giulia<\/p>\n","protected":false},"author":4,"featured_media":86455,"comment_status":"closed","ping_status":"closed","sticky":false,"template":"","format":"standard","meta":{"_acf_changed":false,"footnotes":""},"categories":[10,19],"tags":[],"acf":[],"_links":{"self":[{"href":"https:\/\/comitati.fisi.org\/friuli-venezia-giulia\/wp-json\/wp\/v2\/posts\/86450"}],"collection":[{"href":"https:\/\/comitati.fisi.org\/friuli-venezia-giulia\/wp-json\/wp\/v2\/posts"}],"about":[{"href":"https:\/\/comitati.fisi.org\/friuli-venezia-giulia\/wp-json\/wp\/v2\/types\/post"}],"author":[{"embeddable":true,"href":"https:\/\/comitati.fisi.org\/friuli-venezia-giulia\/wp-json\/wp\/v2\/users\/4"}],"replies":[{"embeddable":true,"href":"https:\/\/comitati.fisi.org\/friuli-venezia-giulia\/wp-json\/wp\/v2\/comments?post=86450"}],"version-history":[{"count":0,"href":"https:\/\/comitati.fisi.org\/friuli-venezia-giulia\/wp-json\/wp\/v2\/posts\/86450\/revisions"}],"wp:featuredmedia":[{"embeddable":true,"href":"https:\/\/comitati.fisi.org\/friuli-venezia-giulia\/wp-json\/wp\/v2\/media\/86455"}],"wp:attachment":[{"href":"https:\/\/comitati.fisi.org\/friuli-venezia-giulia\/wp-json\/wp\/v2\/media?parent=86450"}],"wp:term":[{"taxonomy":"category","embeddable":true,"href":"https:\/\/comitati.fisi.org\/friuli-venezia-giulia\/wp-json\/wp\/v2\/categories?post=86450"},{"taxonomy":"post_tag","embeddable":true,"href":"https:\/\/comitati.fisi.org\/friuli-venezia-giulia\/wp-json\/wp\/v2\/tags?post=86450"}],"curies":[{"name":"wp","href":"https:\/\/api.w.org\/{rel}","templated":true}]}}