{"id":86446,"date":"2022-02-20T17:02:24","date_gmt":"2022-02-20T16:02:24","guid":{"rendered":"https:\/\/www.fisifvg.org\/?p=86446"},"modified":"2022-02-20T17:02:24","modified_gmt":"2022-02-20T16:02:24","slug":"eleonora-fauner-seconda-nella-30-km-della-gran-fondo-val-casies","status":"publish","type":"post","link":"https:\/\/comitati.fisi.org\/friuli-venezia-giulia\/blog\/2022\/02\/20\/eleonora-fauner-seconda-nella-30-km-della-gran-fondo-val-casies\/","title":{"rendered":"Eleonora Fauner seconda nella 30 km della Gran Fondo Val Casies"},"content":{"rendered":"<p>Seconda e ultima giornata oggi per la Gran Fondo Val Casies, in Alto Adige, dedicata alla tecnica libera.<br \/>\nNella 30 km femminile la biathleta Eleonora Fauner \u00e8 giunta seconda a 12&#8243; dalla vincitrice Martina Bellini. &#8220;Sono partita un po\u2019 forte e ho patito gli ultimi 5 km, ma sono abbastanza contenta, perch\u00e9 \u00e8 da 5-6 anni che non faccio gare di fondo e non \u00e8 come mi immaginavo &#8211; racconta la carabiniera di Sappada -. Sono molto contenta di averla fatta. Quest\u2019anno ho fatto il mio esordio in Coppa del Mondo di biathlon, il momento pi\u00f9 emozionante della stagione&#8221;.<br \/>\nIn gara anche il cugino Daniele Fauner, quarto nella prova maschile a meno di 10&#8243; dal vincitore Matteo Tanel, mentre Daniele Cappellari, anche lui biathleta come i Fauner, ha chiuso ottavo a 14&#8243;.<br \/>\nNella 42 km, vinta da Lorenzo Romano, sesto posto per Martin Coradazzi, seguito da Giuseppe Montello.<\/p>\n<p><strong>COMUNICATO STAMPA ORGANIZZAZIONE<\/strong><\/p>\n<p style=\"font-weight: 400\">Lo sci di fondo celebra due giornate di grande sci alla Gran Fondo Val Casies, in Alto Adige. Dopo la 30 e 42 km in classico di ieri, oggi spazio ai cultori dello skating che ha esaltato un ritrovato Matteo Tanel (Team Robinson Trentino) e Martina Bellini (Esercito) nella 30 km, quindi Lorenzo Romano (Carabinieri) e Ilenia Defrancesco (Esercito) nella distanza pi\u00f9 lunga di 42 km. Volata tra Tanel e Serra divisi da 1\/10, e volatona tra i tre carabinieri nella 42 km, tutti e tre insieme da Santa Maddalena fino all\u2019arrivo.<\/p>\n<p style=\"font-weight: 400\">Lo start, stamattina alle ore 10, l\u2019ha dato il parroco di San Martino, don Paul Schwienbacher, con le campane a festa che hanno messo in secondo piano il \u201ccolpo di cannone\u201d della 38.a edizione. Due \u201condate\u201d con oltre 1000 fondisti al via, tra essi anche tanti talenti dei gruppi sportivi militari che hanno tenuto alto il ritmo e il livello della gara.<\/p>\n<p style=\"font-weight: 400\">Pronti, partenza e via, il folto biscione \u00e8 partito a tutto gas con la neve velocissima grazie alle temperature gelide di questa notte (-12\u00b0). Dopo i primi chilometri verso Santa Maddalena, al 7\u00b0 km di Planca di Sopra, il tedesco Max Olex, terzo ieri nella 30 km in classico, ha trainato il gruppo in direzione Colle e Tesido; dietro, Giardina, i tre dell\u2019Esercito Serra, Gabrielli e Coradazzi, il carabiniere Fanton e il campione del mondo di skiroll Matteo Tanel (Team Robinson Trentino).<\/p>\n<p style=\"font-weight: 400\">Tra le donne, prime al passaggio di Planca le due dell\u2019Esercito Martina Bellini e Ilenia Defrancesco, mentre Julia Kuen del Team Futura controllava da dietro la situazione. A sostenere i \u201csuoi\u201d carabinieri c\u2019era anche il campione olimpico Giorgio Di Centa, gi\u00e0 vincitore in Val Casies. Al 14\u00b0 km \u00e8 transitato il primo gruppo composto da una quarantina di atleti, nelle prime posizioni l\u2019altoatesino Schwingshackl (Team Robinson), Gabrielli, Bernardi e Rinner. Nella gara femminile la situazione \u00e8 rimasta pi\u00f9 o meno la stessa con Bellini, Kuen, Defrancesco, Hermann e la biathleta Fauner del CS Carabinieri a controllarsi e a studiare le prime tattiche.<\/p>\n<p style=\"font-weight: 400\">A Tesido, al km 17, Gabrielli ha tentato l\u2019allungo guadagnando 6\u201d sugli inseguitori Serra, Rinner, Klettenhammer, Coradazzi e Schwingshackl. Gabrielli \u00e8 passato ancora in solitaria al traguardo \u2018Sportful\u2019 aggiudicandosi poi il traguardo volante \u2018Hoku\u2019, a 14\u201d transitavano Olex, Coradazzi, Lentsch, Serra, Rodigari, Bauer e Tanel. Tra le donne al 25\u00b0 km, a Colle di Dentro, passa in testa Eleonora Fauner, davanti a Bellini, Hermann, Kuen e Defrancesco.<\/p>\n<p style=\"font-weight: 400\">L\u2019altoatesino Tanel passa a condurre la gara al km 28 e decide di svoltare al bivio in direzione arrivo. \u00c8 una volata da fotofinish quella della 30 km, con l\u2019altoatesino Tanel (1h11\u201914\u201d) che va cos\u00ec ad aggiudicarsi la seconda vittoria in Val Casies. Ad un solo decimo Daniele Serra e a chiudere il podio Patrick Klettenhammer (Team Robinson). Al femminile, vittoria della bergamasca Martina Bellini davanti alla friulana Fauner e alla tedesca Hermann.<\/p>\n<p style=\"font-weight: 400\">Grande feeling tra gli atleti del CS Carabinieri, che fanno squadra fin dalla salita di Santa Maddalena e che piombano in tre all\u2019arrivo della 42 km. Vince il cuneese Lorenzo Romano (1h40\u201909\u201d) dopo una gara pressoch\u00e9 al risparmio nelle prime fasi e che ha saputo gestire bene le ultime energie per la salita finale. Stefano Gardener \u00e8 riuscito a tenere il ritmo nella salita di S.Maddalena e ha chiuso secondo davanti a Mirco Bertolina. Podio sfumato per Paolo Fanton, del CS Carabinieri pure lui, il quale ha fatto un forcing impressionante in salita e sfinito ha chiuso la sua gara nuovamente in quarta posizione. La regina del lungo, al femminile, \u00e8 stata Ilenia Defrancesco che ha terminato in 1h54\u201919\u201d davanti alla tedesca Sigrid Mutscheller e a Julia Kuen (Team Futura Trentino).<\/p>\n<p style=\"font-weight: 400\">A pomeriggio inoltrato gli ultimi arrivi dei tanti appassionati, ma il sipario non \u00e8 calato del tutto. Oltre alla diretta streaming di oggi su RAI Sport, domani sintesi di 2 ore con la telecronaca di Silvano Ploner ed il commento tecnico di Lara Peyrot. Domani appuntamento alle 15.20, quindi replica marted\u00ec alle ore 8, mercoled\u00ec alle ore 16.30 e gioved\u00ec alle 16. Il successo di questa edizione \u00e8 stato completo, gi\u00e0 si pensa alla prossima del 2023, si spera senza limitazioni dovute alla pandemia.<\/p>\n<p style=\"font-weight: 400\"><strong>CLASSIFICHE<\/strong><\/p>\n<p style=\"font-weight: 400\"><strong>30 Km TL &#8211; maschile<br \/>\n<\/strong>1. <span style=\"font-size: 1rem\">Tanel Matteo Team Robinson Trentino 1:11.14,5; 2. Serra Daniele Gs Esercito 1:11.14,6; 3. Klettenhammer Patrick Robinson Ski Team 1:11.16,6; 4. Fauner Daniele Gs Carabinieri 1:11.24,1; 4. Olex Max Adidas Xcs Team 1:11.24,1; 6. Rodigari Paolo Gs Esercito 1:11.25,0; 7. Gabrielli Giacomo Gs Esercito 1:11.28,2; 8. Cappellari Daniele Fiamme Oro Moena 1:11.28,3; 9. Braunhofer Patrick Gs Carabinieri 1:11.29,3; 10. Rinner Thomas Robinson Ski Team A 1:11.29,5<\/span><\/p>\n<p style=\"font-weight: 400\"><strong>30 Km TL &#8211; femminile<br \/>\n<\/strong><span style=\"font-size: 1rem\">1. Bellini Martina Gs Esercito 1:14.58,0; 2. Fauner Eleonora Gs Carabinieri 1:15.10,1; 3. Hermann Nadine D-Ruhpolding 1:16.55,0; 4. B\u00f6rjesj\u00f6 Malin Team Internorm Trentino 1:18.43,1; 5. Maj Valentina Gs Carabinieri 1:20.23,7; 6. Donzallaz Nicole Team Robinson Trentino 1:21.38,0; 7. Schwingshackl Thea Team Futura 1:22.03,7; 8. Rossi Anna Gs Carabinieri 1:22.03,8; 9. Eriksson Maja Team Internorm Trentino 1:26.05,4; 10. Innerkofler Sophia Team Futura 1:26.19,8<\/span><\/p>\n<p style=\"font-weight: 400\"><strong>42 Km TL &#8211; maschile<br \/>\n<\/strong><span style=\"font-size: 1rem\">1. Romano Lorenzo GS Carabinieri 1:40.09,6; 2. Gardener Stefano GS Carabinieri 1:40.11,2; 3. Bertolina Mirco GS Carabinieri 1:40.13,5; 4. Fanton Paolo GS Carabinieri 1:40.51,7; 5. N\u00f6ckler Dietmar Fiamme Oro Moena 1:41.04,8; 6. Coradazzi Martin GS Esercito 1:41.48,3; 7. Montello Giuseppe GS Esercito 1:42.12,2; 8. Longo Fabio GS Carabinieri 1:42.55,1; 9. Poli Fabrizio Underup Ski Team 1:43.16,8; 10. Leitgeb Simon GS Carabinieri 1:43.25,2<\/span><\/p>\n<p style=\"font-weight: 400\"><strong>42 Km TL &#8211; femminile<br \/>\n<\/strong><span style=\"font-size: 1rem\">1. Defrancesco Ilenia GS Esercito 1:54.19,9; 2. Mutscheller Sigrid Ruhepuls40.de 1:54.38,6; 3.Kuen Julia Team Futura 1:54.48,3; 4. Seebacher Anna Roswitha Adidas XCS Team 1:56.09,2; 5.Huber Ulrike Nordic by Nature 2:09.16,5; 6. Baer Natascha 2:11.06,3; 7. Uzick Liudmila WSV Reit im Winkl 2:22.18,2; 8. Zanotto Anna Team Internorm 2:24.25,0; 9. Evangelist Julia AlpinX 2:24.27,2; 10. Parisi Elisa 2:24.54,1<\/span><\/p>\n<p><em><strong>(nella foto Newspower, Eleonora Fauner in testa al gruppo durante la gara)<\/strong><\/em><\/p>\n","protected":false},"excerpt":{"rendered":"<p>La biathleta di Sappada sul podio nella gara altoatesina<\/p>\n","protected":false},"author":4,"featured_media":86447,"comment_status":"closed","ping_status":"closed","sticky":false,"template":"","format":"standard","meta":{"_acf_changed":false,"footnotes":""},"categories":[11],"tags":[],"acf":[],"_links":{"self":[{"href":"https:\/\/comitati.fisi.org\/friuli-venezia-giulia\/wp-json\/wp\/v2\/posts\/86446"}],"collection":[{"href":"https:\/\/comitati.fisi.org\/friuli-venezia-giulia\/wp-json\/wp\/v2\/posts"}],"about":[{"href":"https:\/\/comitati.fisi.org\/friuli-venezia-giulia\/wp-json\/wp\/v2\/types\/post"}],"author":[{"embeddable":true,"href":"https:\/\/comitati.fisi.org\/friuli-venezia-giulia\/wp-json\/wp\/v2\/users\/4"}],"replies":[{"embeddable":true,"href":"https:\/\/comitati.fisi.org\/friuli-venezia-giulia\/wp-json\/wp\/v2\/comments?post=86446"}],"version-history":[{"count":0,"href":"https:\/\/comitati.fisi.org\/friuli-venezia-giulia\/wp-json\/wp\/v2\/posts\/86446\/revisions"}],"wp:featuredmedia":[{"embeddable":true,"href":"https:\/\/comitati.fisi.org\/friuli-venezia-giulia\/wp-json\/wp\/v2\/media\/86447"}],"wp:attachment":[{"href":"https:\/\/comitati.fisi.org\/friuli-venezia-giulia\/wp-json\/wp\/v2\/media?parent=86446"}],"wp:term":[{"taxonomy":"category","embeddable":true,"href":"https:\/\/comitati.fisi.org\/friuli-venezia-giulia\/wp-json\/wp\/v2\/categories?post=86446"},{"taxonomy":"post_tag","embeddable":true,"href":"https:\/\/comitati.fisi.org\/friuli-venezia-giulia\/wp-json\/wp\/v2\/tags?post=86446"}],"curies":[{"name":"wp","href":"https:\/\/api.w.org\/{rel}","templated":true}]}}