{"id":86341,"date":"2022-02-19T11:55:11","date_gmt":"2022-02-19T10:55:11","guid":{"rendered":"https:\/\/www.fisifvg.org\/?p=86341"},"modified":"2022-02-19T11:55:11","modified_gmt":"2022-02-19T10:55:11","slug":"cristina-pittin-e-martina-di-centa-al-via-della-30-km-delle-olimpiadi","status":"publish","type":"post","link":"https:\/\/comitati.fisi.org\/friuli-venezia-giulia\/blog\/2022\/02\/19\/cristina-pittin-e-martina-di-centa-al-via-della-30-km-delle-olimpiadi\/","title":{"rendered":"Cristina Pittin e Martina Di Centa al via della 30 km delle Olimpiadi"},"content":{"rendered":"<p>Ci saranno anche Cristina Pittin e Martina Di Centa al via domenica 20 febbraio della 30 km tl mass start, ultima prova dello sci di fondo alle Olimpiadi di Pechino 2022. Assieme a loro anche Anna Comarella e Caterina Ganz.<\/p>\n<p>Per la 23enne di Comeglians si tratta della terza gara olimpica, per la 21enne di Paluzza la quarta.<\/p>\n<p>In considerazione delle previsioni meteo (oggi a causa del freddo e del vento la 50 km maschile \u00e8 stata ridotta a 30), la gara si svolger\u00e0 quando in Italia saranno le 4, anzich\u00e9 le 7.30 come inizialmente stabilito. Infatti con il passare delle ore \u00e8 previsto un aumento del vento.<\/p>\n<p><em><strong>(nella foto da sinistra Pittin e Di Centa)<\/strong><\/em><\/p>\n<p>&nbsp;<\/p>\n","protected":false},"excerpt":{"rendered":"<p>La gara partir\u00e0 quando in Italia saranno le 4 di domenica 20 febbraio<\/p>\n","protected":false},"author":4,"featured_media":85462,"comment_status":"closed","ping_status":"closed","sticky":false,"template":"","format":"standard","meta":{"_acf_changed":false,"footnotes":""},"categories":[10,11],"tags":[],"acf":[],"_links":{"self":[{"href":"https:\/\/comitati.fisi.org\/friuli-venezia-giulia\/wp-json\/wp\/v2\/posts\/86341"}],"collection":[{"href":"https:\/\/comitati.fisi.org\/friuli-venezia-giulia\/wp-json\/wp\/v2\/posts"}],"about":[{"href":"https:\/\/comitati.fisi.org\/friuli-venezia-giulia\/wp-json\/wp\/v2\/types\/post"}],"author":[{"embeddable":true,"href":"https:\/\/comitati.fisi.org\/friuli-venezia-giulia\/wp-json\/wp\/v2\/users\/4"}],"replies":[{"embeddable":true,"href":"https:\/\/comitati.fisi.org\/friuli-venezia-giulia\/wp-json\/wp\/v2\/comments?post=86341"}],"version-history":[{"count":0,"href":"https:\/\/comitati.fisi.org\/friuli-venezia-giulia\/wp-json\/wp\/v2\/posts\/86341\/revisions"}],"wp:featuredmedia":[{"embeddable":true,"href":"https:\/\/comitati.fisi.org\/friuli-venezia-giulia\/wp-json\/wp\/v2\/media\/85462"}],"wp:attachment":[{"href":"https:\/\/comitati.fisi.org\/friuli-venezia-giulia\/wp-json\/wp\/v2\/media?parent=86341"}],"wp:term":[{"taxonomy":"category","embeddable":true,"href":"https:\/\/comitati.fisi.org\/friuli-venezia-giulia\/wp-json\/wp\/v2\/categories?post=86341"},{"taxonomy":"post_tag","embeddable":true,"href":"https:\/\/comitati.fisi.org\/friuli-venezia-giulia\/wp-json\/wp\/v2\/tags?post=86341"}],"curies":[{"name":"wp","href":"https:\/\/api.w.org\/{rel}","templated":true}]}}