{"id":86314,"date":"2022-02-18T16:15:57","date_gmt":"2022-02-18T15:15:57","guid":{"rendered":"https:\/\/www.fisifvg.org\/?p=86314"},"modified":"2022-02-18T16:15:57","modified_gmt":"2022-02-18T15:15:57","slug":"luca-taranzano-terzo-nel-gigante-fis-dellabetone","status":"publish","type":"post","link":"https:\/\/comitati.fisi.org\/friuli-venezia-giulia\/blog\/2022\/02\/18\/luca-taranzano-terzo-nel-gigante-fis-dellabetone\/","title":{"rendered":"Luca Taranzano terzo nel gigante FIS dell&#8217;Abetone"},"content":{"rendered":"<p>Terzo posto per Luca Taranzano nello slalom gigante Fis disputato oggi all&#8217;Abetone.<\/p>\n<p>Il 24enne dello Sci CAI Monte Lussari non \u00e8 stato particolarmente fortunato, visto che il distacco dal vincitore Matteo Pizzato \u00e8 di 10 centesimi, mentre Benjamin Jacques Alliod, secondo, \u00e8 davanti a lui di soli 0&#8243;03.<\/p>\n<p><a href=\"https:\/\/www.fis-ski.com\/DB\/general\/results.html?sectorcode=AL&amp;competitorid=195876&amp;raceid=109733\">CLASSIFICA<\/a><\/p>\n","protected":false},"excerpt":{"rendered":"<p>Il lussarino a soli 10 centesimi dalla vittoria<\/p>\n","protected":false},"author":4,"featured_media":82878,"comment_status":"closed","ping_status":"closed","sticky":false,"template":"","format":"standard","meta":{"_acf_changed":false,"footnotes":""},"categories":[15],"tags":[],"acf":[],"_links":{"self":[{"href":"https:\/\/comitati.fisi.org\/friuli-venezia-giulia\/wp-json\/wp\/v2\/posts\/86314"}],"collection":[{"href":"https:\/\/comitati.fisi.org\/friuli-venezia-giulia\/wp-json\/wp\/v2\/posts"}],"about":[{"href":"https:\/\/comitati.fisi.org\/friuli-venezia-giulia\/wp-json\/wp\/v2\/types\/post"}],"author":[{"embeddable":true,"href":"https:\/\/comitati.fisi.org\/friuli-venezia-giulia\/wp-json\/wp\/v2\/users\/4"}],"replies":[{"embeddable":true,"href":"https:\/\/comitati.fisi.org\/friuli-venezia-giulia\/wp-json\/wp\/v2\/comments?post=86314"}],"version-history":[{"count":0,"href":"https:\/\/comitati.fisi.org\/friuli-venezia-giulia\/wp-json\/wp\/v2\/posts\/86314\/revisions"}],"wp:featuredmedia":[{"embeddable":true,"href":"https:\/\/comitati.fisi.org\/friuli-venezia-giulia\/wp-json\/wp\/v2\/media\/82878"}],"wp:attachment":[{"href":"https:\/\/comitati.fisi.org\/friuli-venezia-giulia\/wp-json\/wp\/v2\/media?parent=86314"}],"wp:term":[{"taxonomy":"category","embeddable":true,"href":"https:\/\/comitati.fisi.org\/friuli-venezia-giulia\/wp-json\/wp\/v2\/categories?post=86314"},{"taxonomy":"post_tag","embeddable":true,"href":"https:\/\/comitati.fisi.org\/friuli-venezia-giulia\/wp-json\/wp\/v2\/tags?post=86314"}],"curies":[{"name":"wp","href":"https:\/\/api.w.org\/{rel}","templated":true}]}}