{"id":86312,"date":"2022-02-18T16:08:56","date_gmt":"2022-02-18T15:08:56","guid":{"rendered":"https:\/\/www.fisifvg.org\/?p=86312"},"modified":"2022-02-18T16:08:56","modified_gmt":"2022-02-18T15:08:56","slug":"anche-i-big-azzurri-al-via-della-transcavallo-2022","status":"publish","type":"post","link":"https:\/\/comitati.fisi.org\/friuli-venezia-giulia\/blog\/2022\/02\/18\/anche-i-big-azzurri-al-via-della-transcavallo-2022\/","title":{"rendered":"Anche i big azzurri al via della Transcavallo 2022"},"content":{"rendered":"<div>Partir\u00e0 domenica mattina alle ore 7:30 da Malga Cate, qualche chilometro sopra Chies, la 39^ edizione della Transcavallo, gara di scialpinismo a squadre, affiliata a La Grande Course, che ha fatto la storia di questa disciplina. La prova individuale partir\u00e0 dal medesimo luogo, ma 45 minuti pi\u00f9 tardi, alle 8:15.<br \/>\nAl via nella \u201cLong Distance Team 7.0\u201d ci saranno le medaglie dei recenti Campionati Europei di scialpinismo disputati in Spagna sulle nevi di Boi T\u00e4ull. Michele Boscacci, bronzo nell\u2019Individual Race e nella Relay, correr\u00e0 con Matteo Eydallin, argento nell\u2019Individual Race. I due atleti del Centro Sportivo Esercito dovranno guardarsi le spalle dalla squadra di Nadir Maguet e Davide Magnini. Un team che vorr\u00e0 salire sicuramente sul podio \u00e8 quello composto da William Boffelli e dall\u2019austriaco Jokob Herrmann. Da non dimenticare l\u2019altro team azzurro, portacolori del Centro Sportivo Carabinieri, formato da Matteo Sostizzo e Nicol\u00f3 Canclini (argento nella Sprint Race e nella Relay).<br \/>\nIn campo femminile i pronostici sono tutti a favore delle azzurre Alba De Silvestro e Giulia Murada. La De Silvestro agli Europei si \u00e8 messa al collo due bronzi conquistati nell\u2019Individual Race e nella Relay, dove faceva coppia proprio con il marito Michele Boscacci. Giulia Murada invece ha conquistato l\u2019argento nella Relay gareggiando con Nicol\u00f2 Canclini. Probabili outsider Martina Valmassoi ed Elena Nicolini. Un posto in alta classifica lo vorranno anche Giorgia Felicetti e l\u2019austriaca Stephanie Kr\u00f6ll.<br \/>\nI percorsi, messi in sicurezza in questi giorni dai numerosi volontari del Comitato e dagli operatori del Soccorso Alpino, si presentano in ottime condizioni. La nevicata di San Valentino ha donato alle montagne dell\u2019Alpago un aspetto invernale, una veste che si stava perdendo dopo la nevicata di inizio inverno. \u2028La prova \u201cLong Distance Team 7.0\u201d avr\u00e0 un dislivello complessivo di sola salita di 2810 metri con uno sviluppo di 24 chilometri. Le salite da affrontare saranno 7, mentre la spettacolare cresta del Monte Castellat (percorso iridato del 2017) sar\u00e0 percorsa a piedi con gli sci nello zaino.<br \/>\nL\u2019Individual Race invece avr\u00e0 un percorso ridotto che ricalcher\u00e0 solo le prime due salite del percorso pi\u00f9 lungo, quindi i concorrenti affronteranno anche loro l\u2019affilata cresta del Monte Castellat. Lo sviluppo sar\u00e0 di 13 chilometri mentre il dislivello positivo \u00e8 di 1350 metri.<\/p>\n<\/div>\n","protected":false},"excerpt":{"rendered":"<p>In gara le coppie Boscacci-Eydallin e De Silvestro-Murada, freschi di medaglie agli Europei di sci alpinismo<\/p>\n","protected":false},"author":4,"featured_media":36044,"comment_status":"closed","ping_status":"closed","sticky":false,"template":"","format":"standard","meta":{"_acf_changed":false,"footnotes":""},"categories":[19],"tags":[],"acf":[],"_links":{"self":[{"href":"https:\/\/comitati.fisi.org\/friuli-venezia-giulia\/wp-json\/wp\/v2\/posts\/86312"}],"collection":[{"href":"https:\/\/comitati.fisi.org\/friuli-venezia-giulia\/wp-json\/wp\/v2\/posts"}],"about":[{"href":"https:\/\/comitati.fisi.org\/friuli-venezia-giulia\/wp-json\/wp\/v2\/types\/post"}],"author":[{"embeddable":true,"href":"https:\/\/comitati.fisi.org\/friuli-venezia-giulia\/wp-json\/wp\/v2\/users\/4"}],"replies":[{"embeddable":true,"href":"https:\/\/comitati.fisi.org\/friuli-venezia-giulia\/wp-json\/wp\/v2\/comments?post=86312"}],"version-history":[{"count":0,"href":"https:\/\/comitati.fisi.org\/friuli-venezia-giulia\/wp-json\/wp\/v2\/posts\/86312\/revisions"}],"wp:featuredmedia":[{"embeddable":true,"href":"https:\/\/comitati.fisi.org\/friuli-venezia-giulia\/wp-json\/wp\/v2\/media\/36044"}],"wp:attachment":[{"href":"https:\/\/comitati.fisi.org\/friuli-venezia-giulia\/wp-json\/wp\/v2\/media?parent=86312"}],"wp:term":[{"taxonomy":"category","embeddable":true,"href":"https:\/\/comitati.fisi.org\/friuli-venezia-giulia\/wp-json\/wp\/v2\/categories?post=86312"},{"taxonomy":"post_tag","embeddable":true,"href":"https:\/\/comitati.fisi.org\/friuli-venezia-giulia\/wp-json\/wp\/v2\/tags?post=86312"}],"curies":[{"name":"wp","href":"https:\/\/api.w.org\/{rel}","templated":true}]}}