{"id":86291,"date":"2022-02-17T13:34:02","date_gmt":"2022-02-17T12:34:02","guid":{"rendered":"https:\/\/www.fisifvg.org\/?p=86291"},"modified":"2022-02-17T13:34:02","modified_gmt":"2022-02-17T12:34:02","slug":"il-programma-del-gigante-del-criterium-regionale-pulcini-a-piancavallo","status":"publish","type":"post","link":"https:\/\/comitati.fisi.org\/friuli-venezia-giulia\/blog\/2022\/02\/17\/il-programma-del-gigante-del-criterium-regionale-pulcini-a-piancavallo\/","title":{"rendered":"Il programma del gigante del Criterium Regionale Pulcini a Piancavallo"},"content":{"rendered":"<p>Il circuito regionale Baby\/Cuccioli 2021-2022 si chiuder\u00e0 domenica 27 febbraio a Piancavallo con l&#8217;ultima delle tre prove del Criterium Regionale Pulcini (venerd\u00ec 25 ci sar\u00e0 <a href=\"https:\/\/www.fisifvg.org\/wp-content\/uploads\/2019\/11\/Tr.VINAL_Programma_Skicross.2022.pdf\">lo skicross<\/a>, sabato 26 <a href=\"https:\/\/www.fisifvg.org\/wp-content\/uploads\/2019\/11\/Criterium-Regionale-Pulcini.pdf\">lo slalom<\/a>\u00a0sempre nella localit\u00e0 avianese).<\/p>\n<p>In programma lo slalom gigante organizzato dallo Sci Club Aviano con in palio il classicissimo Trofeo Noviello, giunto alla 50a edizione, un record.<\/p>\n<p>L&#8217;appuntamento \u00e8 sulla pista Busa Grande a partire dalle 10.<\/p>\n<p>Sotto ulteriori dettagli.<\/p>\n<p><a href=\"https:\/\/www.fisifvg.org\/wp-content\/uploads\/2019\/11\/programma-noviello-2022-.pdf\">PROGRAMMA 50\u00b0 TROFEO NOVIELLO<\/a><\/p>\n<p>&nbsp;<\/p>\n","protected":false},"excerpt":{"rendered":"<p>Domenica 27 febbraio la gara organizzata dallo Sci Club Aviano con in palio il classicissimo Trofeo Noviello, giunto alla 50a edizione<\/p>\n","protected":false},"author":4,"featured_media":78565,"comment_status":"closed","ping_status":"closed","sticky":false,"template":"","format":"standard","meta":{"_acf_changed":false,"footnotes":""},"categories":[10,15],"tags":[],"acf":[],"_links":{"self":[{"href":"https:\/\/comitati.fisi.org\/friuli-venezia-giulia\/wp-json\/wp\/v2\/posts\/86291"}],"collection":[{"href":"https:\/\/comitati.fisi.org\/friuli-venezia-giulia\/wp-json\/wp\/v2\/posts"}],"about":[{"href":"https:\/\/comitati.fisi.org\/friuli-venezia-giulia\/wp-json\/wp\/v2\/types\/post"}],"author":[{"embeddable":true,"href":"https:\/\/comitati.fisi.org\/friuli-venezia-giulia\/wp-json\/wp\/v2\/users\/4"}],"replies":[{"embeddable":true,"href":"https:\/\/comitati.fisi.org\/friuli-venezia-giulia\/wp-json\/wp\/v2\/comments?post=86291"}],"version-history":[{"count":0,"href":"https:\/\/comitati.fisi.org\/friuli-venezia-giulia\/wp-json\/wp\/v2\/posts\/86291\/revisions"}],"wp:featuredmedia":[{"embeddable":true,"href":"https:\/\/comitati.fisi.org\/friuli-venezia-giulia\/wp-json\/wp\/v2\/media\/78565"}],"wp:attachment":[{"href":"https:\/\/comitati.fisi.org\/friuli-venezia-giulia\/wp-json\/wp\/v2\/media?parent=86291"}],"wp:term":[{"taxonomy":"category","embeddable":true,"href":"https:\/\/comitati.fisi.org\/friuli-venezia-giulia\/wp-json\/wp\/v2\/categories?post=86291"},{"taxonomy":"post_tag","embeddable":true,"href":"https:\/\/comitati.fisi.org\/friuli-venezia-giulia\/wp-json\/wp\/v2\/tags?post=86291"}],"curies":[{"name":"wp","href":"https:\/\/api.w.org\/{rel}","templated":true}]}}