{"id":86281,"date":"2022-02-17T11:42:21","date_gmt":"2022-02-17T10:42:21","guid":{"rendered":"https:\/\/www.fisifvg.org\/?p=86281"},"modified":"2022-02-17T11:42:21","modified_gmt":"2022-02-17T10:42:21","slug":"la-transcavallo-posticipata-a-domenica-20","status":"publish","type":"post","link":"https:\/\/comitati.fisi.org\/friuli-venezia-giulia\/blog\/2022\/02\/17\/la-transcavallo-posticipata-a-domenica-20\/","title":{"rendered":"La Transcavallo posticipata a domenica 20"},"content":{"rendered":"<p>Il Comitato Organizzatore presieduto da Diego Svalduz, questa mattina, dopo un confronto con i previsori dell\u2019Arpav Veneto di Arabba, ha deciso di spostare la partenza della 39a Transcavallo da sabato 19 febbraio a domenica 20 febbraio.<\/p>\n<p>\u201cPurtroppo &#8211; ha detto Svalduz &#8211; le previsioni annunciano, per la zona dell\u2019Alpago, umidit\u00e0 al 100% e una coltre di nuvole che circoscriver\u00e0 i monti interessati dal passaggio degli atleti. Nella serata del sabato dovrebbe salire il vento che spazzer\u00e0 via le nuvole portando il bel tempo\u201d.<\/p>\n<p>\u201dSpostare la gara a domenica &#8211; ha concluso Svalduz &#8211; ci \u00e8 sembrata la soluzione ideale. Inoltre il tracciato dopo le ultime nevicate \u00e8 veramente spettacolare. Vogliamo che gli atleti vivano la Transcavallo nel migliore dei modi, pensando anche alla sicurezza di tutti i volontari che saranno in quota\u201d.<\/p>\n<p>La partenza sar\u00e0 data alle ore 7:30 da Casera Cate per la prova Team, mentre la gara individuale partir\u00e0 sempre da Casera Cate alle 8:15.<\/p>\n<div>\n<\/div>\n","protected":false},"excerpt":{"rendered":"<p>Lo spostamento di un giorno in considerazioni delle previsioni meteo per la giornata di sabato 19<\/p>\n","protected":false},"author":4,"featured_media":56449,"comment_status":"closed","ping_status":"closed","sticky":false,"template":"","format":"standard","meta":{"_acf_changed":false,"footnotes":""},"categories":[19],"tags":[],"acf":[],"_links":{"self":[{"href":"https:\/\/comitati.fisi.org\/friuli-venezia-giulia\/wp-json\/wp\/v2\/posts\/86281"}],"collection":[{"href":"https:\/\/comitati.fisi.org\/friuli-venezia-giulia\/wp-json\/wp\/v2\/posts"}],"about":[{"href":"https:\/\/comitati.fisi.org\/friuli-venezia-giulia\/wp-json\/wp\/v2\/types\/post"}],"author":[{"embeddable":true,"href":"https:\/\/comitati.fisi.org\/friuli-venezia-giulia\/wp-json\/wp\/v2\/users\/4"}],"replies":[{"embeddable":true,"href":"https:\/\/comitati.fisi.org\/friuli-venezia-giulia\/wp-json\/wp\/v2\/comments?post=86281"}],"version-history":[{"count":0,"href":"https:\/\/comitati.fisi.org\/friuli-venezia-giulia\/wp-json\/wp\/v2\/posts\/86281\/revisions"}],"wp:featuredmedia":[{"embeddable":true,"href":"https:\/\/comitati.fisi.org\/friuli-venezia-giulia\/wp-json\/wp\/v2\/media\/56449"}],"wp:attachment":[{"href":"https:\/\/comitati.fisi.org\/friuli-venezia-giulia\/wp-json\/wp\/v2\/media?parent=86281"}],"wp:term":[{"taxonomy":"category","embeddable":true,"href":"https:\/\/comitati.fisi.org\/friuli-venezia-giulia\/wp-json\/wp\/v2\/categories?post=86281"},{"taxonomy":"post_tag","embeddable":true,"href":"https:\/\/comitati.fisi.org\/friuli-venezia-giulia\/wp-json\/wp\/v2\/tags?post=86281"}],"curies":[{"name":"wp","href":"https:\/\/api.w.org\/{rel}","templated":true}]}}