{"id":86084,"date":"2022-02-13T16:05:25","date_gmt":"2022-02-13T15:05:25","guid":{"rendered":"https:\/\/www.fisifvg.org\/?p=86084"},"modified":"2022-02-13T16:05:25","modified_gmt":"2022-02-13T15:05:25","slug":"sara-scattolo-prima-e-piller-cottrer-secondo-nella-coppa-italia-di-biathlon","status":"publish","type":"post","link":"https:\/\/comitati.fisi.org\/friuli-venezia-giulia\/blog\/2022\/02\/13\/sara-scattolo-prima-e-piller-cottrer-secondo-nella-coppa-italia-di-biathlon\/","title":{"rendered":"Sara Scattolo prima e Piller Cottrer secondo nella Coppa Italia di biathlon"},"content":{"rendered":"<p>Seconda e ultima giornata a Tesero, in Trentino, per la tappa di Coppa Italia Fiocchi e Alpen Cup di biathlon.<\/p>\n<p>In programma la short individual, che si differenza dall&#8217;individuale perch\u00e9, fermo restando i 4 poligoni (e in caso di errore l&#8217;appesantimento sul tempo anzich\u00e9 i giri di penalizzazione), la distanza da percorrere sugli sci \u00e8 inferiore.<\/p>\n<div id=\"attachment_86193\" style=\"width: 510px\" class=\"wp-caption alignright\"><a href=\"http:\/\/comitati.fisi.org\/friuli-venezia-giulia\/wp-content\/uploads\/sites\/34\/2022\/02\/ffff.jpeg\"><img loading=\"lazy\" decoding=\"async\" aria-describedby=\"caption-attachment-86193\" class=\"wp-image-86193\" src=\"http:\/\/comitati.fisi.org\/friuli-venezia-giulia\/wp-content\/uploads\/sites\/34\/2022\/02\/ffff-400x400.jpeg\" alt=\"\" width=\"500\" height=\"375\" \/><\/a><p id=\"caption-attachment-86193\" class=\"wp-caption-text\">Il podio Giovani femminile, con Sara Scattolo prima e Giada Monegato quinta<\/p><\/div>\n<p>Nella 7.5 km Giovani femminile vince ancora Sara Scattolo, che precede di 54&#8243; l&#8217;avversaria pi\u00f9 vicina. Brava Giada Monegato della Monte Coglians, quinta, mentre Ilaria Scattolo chiude settima.<br \/>\nNelle Aspiranti la migliore FVG \u00e8 Maya Pividori della Monte Coglians, quindicesima.<\/p>\n<p>Nella 12.5 km Juniore maschile Fabio Piller Cottrer \u00e8 secondo a soli 1&#8243;3 dal vincitore Elia Zeni, con Fabio Cappellari della Fornese quarto, mentre nella 10 km Giovami Mattia Piller Hoffer chiude decimo. Infine la 10 km Aspiranti, con Marco Iorio dei Camosci sedicesimo.<\/p>\n<p><a href=\"http:\/\/comitati.fisi.org\/friuli-venezia-giulia\/wp-content\/uploads\/sites\/34\/2022\/02\/Men-Individual_Val_di_Fiemme_Ergebnisse.pdf\">CLASSIFICA MASCHILE<\/a><br \/>\n<a href=\"http:\/\/comitati.fisi.org\/friuli-venezia-giulia\/wp-content\/uploads\/sites\/34\/2022\/02\/Women-Individual_Val_di_Fiemme_Ergebnisse.pdf\">CLASSIFICA FEMMINILE<\/a><\/p>\n<p><em><strong>(nella foto il podio Juniores maschile, con Piller Cottrer primo da sinistra e Cappellari terzo da destra)<\/strong><\/em><\/p>\n<p>&nbsp;<\/p>\n","protected":false},"excerpt":{"rendered":"<p>A Tesero la prova era valida anche per l&#8217;Alpen Cup<\/p>\n","protected":false},"author":4,"featured_media":86175,"comment_status":"closed","ping_status":"closed","sticky":false,"template":"","format":"standard","meta":{"_acf_changed":false,"footnotes":""},"categories":[13],"tags":[],"acf":[],"_links":{"self":[{"href":"https:\/\/comitati.fisi.org\/friuli-venezia-giulia\/wp-json\/wp\/v2\/posts\/86084"}],"collection":[{"href":"https:\/\/comitati.fisi.org\/friuli-venezia-giulia\/wp-json\/wp\/v2\/posts"}],"about":[{"href":"https:\/\/comitati.fisi.org\/friuli-venezia-giulia\/wp-json\/wp\/v2\/types\/post"}],"author":[{"embeddable":true,"href":"https:\/\/comitati.fisi.org\/friuli-venezia-giulia\/wp-json\/wp\/v2\/users\/4"}],"replies":[{"embeddable":true,"href":"https:\/\/comitati.fisi.org\/friuli-venezia-giulia\/wp-json\/wp\/v2\/comments?post=86084"}],"version-history":[{"count":0,"href":"https:\/\/comitati.fisi.org\/friuli-venezia-giulia\/wp-json\/wp\/v2\/posts\/86084\/revisions"}],"wp:featuredmedia":[{"embeddable":true,"href":"https:\/\/comitati.fisi.org\/friuli-venezia-giulia\/wp-json\/wp\/v2\/media\/86175"}],"wp:attachment":[{"href":"https:\/\/comitati.fisi.org\/friuli-venezia-giulia\/wp-json\/wp\/v2\/media?parent=86084"}],"wp:term":[{"taxonomy":"category","embeddable":true,"href":"https:\/\/comitati.fisi.org\/friuli-venezia-giulia\/wp-json\/wp\/v2\/categories?post=86084"},{"taxonomy":"post_tag","embeddable":true,"href":"https:\/\/comitati.fisi.org\/friuli-venezia-giulia\/wp-json\/wp\/v2\/tags?post=86084"}],"curies":[{"name":"wp","href":"https:\/\/api.w.org\/{rel}","templated":true}]}}