{"id":86058,"date":"2022-02-13T07:42:05","date_gmt":"2022-02-13T06:42:05","guid":{"rendered":"https:\/\/www.fisifvg.org\/?p=86058"},"modified":"2022-02-13T07:42:05","modified_gmt":"2022-02-13T06:42:05","slug":"samuele-beltrame-campione-italiano-under-14-di-salto","status":"publish","type":"post","link":"https:\/\/comitati.fisi.org\/friuli-venezia-giulia\/blog\/2022\/02\/13\/samuele-beltrame-campione-italiano-under-14-di-salto\/","title":{"rendered":"Samuele Beltrame campione italiano Under 14 di salto"},"content":{"rendered":"<p>Samuele Beltrame si laurea campione italiano Under 14 di salto con gli sci nella gara sul trampolino K30 disputata a Pellizzano.<\/p>\n<div id=\"attachment_86062\" style=\"width: 510px\" class=\"wp-caption alignleft\"><a href=\"http:\/\/comitati.fisi.org\/friuli-venezia-giulia\/wp-content\/uploads\/sites\/34\/2022\/02\/WhatsApp-Image-2022-02-13-at-00.44.13.jpeg\"><img loading=\"lazy\" decoding=\"async\" aria-describedby=\"caption-attachment-86062\" class=\"wp-image-86062\" src=\"http:\/\/comitati.fisi.org\/friuli-venezia-giulia\/wp-content\/uploads\/sites\/34\/2022\/02\/WhatsApp-Image-2022-02-13-at-00.44.13-400x400.jpeg\" alt=\"\" width=\"500\" height=\"375\" \/><\/a><p id=\"caption-attachment-86062\" class=\"wp-caption-text\">Samuele Beltrame alla premiazione U14<\/p><\/div>\n<p>Un risultato particolarmente significativo, quello ottenuto dal figlio d&#8217;arte (il padre \u00e8 l&#8217;ex azzurro attuale allenatore dello Sci CAI Monte Lussari Marco, la madre \u00e8 Alessia Pittin, che vanta presenze nella Coppa del Mondo di sci alpino), perch\u00e9 ottenuto in una categoria superiore alla sua. Undicesimo Jacopo Laurenti.<\/p>\n<p>In contemporanea si \u00e8 svolta una prova di Coppa Italia, con un altro figlio d&#8217;arte protagonista, Cristhofer Zoz (la madre \u00e8 Roberta D&#8217;Agostina, una delle pioniere del salto femminile nel nostro Paese, ora allenatrice dei giovani lussarini assieme a Marco Beltrame), vincitore negli Under 10, con Elia Beltrame (fratello di Samuele) terzo. Stesse posizioni nella combinata.<\/p>\n<div id=\"attachment_86061\" style=\"width: 235px\" class=\"wp-caption alignright\"><a href=\"http:\/\/comitati.fisi.org\/friuli-venezia-giulia\/wp-content\/uploads\/sites\/34\/2022\/02\/WhatsApp-Image-2022-02-13-at-00.43.31.jpeg\"><img loading=\"lazy\" decoding=\"async\" aria-describedby=\"caption-attachment-86061\" class=\"wp-image-86061\" src=\"http:\/\/comitati.fisi.org\/friuli-venezia-giulia\/wp-content\/uploads\/sites\/34\/2022\/02\/WhatsApp-Image-2022-02-13-at-00.43.31-400x400.jpeg\" alt=\"\" width=\"225\" height=\"300\" \/><\/a><p id=\"caption-attachment-86061\" class=\"wp-caption-text\">Ludovica Del Bianco con la coppa di miglior atleta della manifestazione<\/p><\/div>\n<p>Nel salto U12 Samuele Beltrame si \u00e8 piazzato terzo, Jacopo Laurenti nono, con Samuele che chiude poi secondo nella combinata.<\/p>\n<p>Nell&#8217;Under 14 femminile Ludovica Del Bianco domina nel salto e mantiene la posizione nel fondo, vincendo quindi entrambe le gare. Da sottolineare che Ludovica \u00e8 stata premiata come miglior atleta della manifestazione, maschi compresi.<\/p>\n<p>Nella classifica per societ\u00e0 lo Sci CAI Monte Lussari si \u00e8 classificato secondo.<\/p>\n<p><em><strong>(nella foto di copertina Samuele e Marco Beltrame)<\/strong><\/em><\/p>\n<p>&nbsp;<\/p>\n<p><span style=\"color: #ff0000\"><strong>PODI COPPA DEL MONDO ATLETI FVG E SCI CLUB FISI FVG<\/strong><\/span><\/p>\n<p><strong><span style=\"color: #993366\">BRONZO<\/span><\/strong><br \/>\n<strong>-MARA MARTINI\u00a0 Sci alpinismo Sprint (Caspoggio-ITA, 5-2-22)<\/strong><\/p>\n<p><span style=\"color: #ff0000\"><strong>MEDAGLIE CAMPIONATI ITALIANI ASSOLUTI E GIOVANILI 2021-2022 ATLETI FVG E SCI CLUB FISI FVG<\/strong><\/span><\/p>\n<p><span style=\"color: #ff9900\"><strong>ORO<br \/>\n<\/strong><\/span><strong>-LISA VITTOZZI\u00a0 Biathlon estivo\u00a0 Individuale\u00a0 Assoluti<br \/>\n<\/strong>-DESIREE RIBBI\u00a0 Biathlon estivo\u00a0 Individuale\u00a0 U17<br \/>\n-DESIREE RIBBI\u00a0 Biathlon estivo\u00a0 Sprint\u00a0 U17<br \/>\n-ILARIA SCATTOLO\u00a0 Biathlon estivo\u00a0 Individuale\u00a0 U19<br \/>\n-ILARIA SCATTOLO\u00a0 Biathlon estivo\u00a0 Sprint\u00a0 U19<br \/>\n-SARA SCATTOLO\u00a0 Biathlon\u00a0 Sprint\u00a0 U19<br \/>\n-SARA SCATTOLO\u00a0 Biathlon\u00a0 Individuale\u00a0 U19<br \/>\n-SARA SCATTOLO\u00a0 Biathlon\u00a0 Inseguimento\u00a0 U19<br \/>\n-SQUADRA (<em>Ilaria Scattolo, Serena Del Fabbro e Giada Monegato)\u00a0 <\/em>Biathlon\u00a0 Staffetta\u00a0 U19<br \/>\n-SQUADRA CS Esercito (<em>Sara Scattolo<\/em>)\u00a0 Biathlon\u00a0 Staffetta\u00a0 U22<strong><br \/>\n-MATTIA VARIOLA\u00a0 Bob a 2\u00a0 Estivi spinta\u00a0 Assoluti<br \/>\n-MATTIA VARIOLA\u00a0 Bob a 4\u00a0 Estivi spinta\u00a0 Assoluti<br \/>\n<\/strong>-LUDOVICA DEL BIANCO\u00a0 Combinata\u00a0 U14<strong><br \/>\n<\/strong>-MARIA GISMONDI\u00a0 Fondo\u00a0 10 km tl MS\u00a0 U18<br \/>\n-SAMUELE BELTRAME\u00a0 Salto\u00a0 U14<strong><br \/>\n-FRANCESCO CECON\u00a0 Salto\u00a0 Assoluti<br \/>\n<\/strong>-LUDOVICA DEL BIANCO\u00a0 Salto\u00a0 U14<strong><br \/>\n<\/strong><strong>-MARA MARTINI\u00a0 Sci Alpinismo\u00a0 Sprint\u00a0 Assoluti<br \/>\n-MICHAEL GALASSI\u00a0 Skiroll\u00a0 Salita TC\u00a0 Assoluti<br \/>\n<\/strong>-MARTINA DI CENTA\u00a0 Skiroll\u00a0 Sprint\u00a0 U23<br \/>\n-MARTINA DI CENTA\u00a0 Skiroll\u00a0 10 km\u00a0 U23<br \/>\n-DAVIDE GRAZ\u00a0 Skiroll\u00a0 Sprint\u00a0 U23<br \/>\n-LUCA SCLISIZZO\u00a0 Skiroll\u00a0 15 km\u00a0 U23<strong><br \/>\n<\/strong>-MARCO GAUDENZIO\u00a0 Skiroll\u00a0 Salita TC\u00a0 \u00a0U18<\/p>\n<p><span style=\"color: #808080\"><strong>ARGENTO<\/strong><\/span><br \/>\n-ALEX PERISSUTTI\u00a0 Biathlon\u00a0 Individuale\u00a0 U19<br \/>\n-MAYA PIVIDORI \u00a0Biathlon estivo\u00a0 Sprint\u00a0 U17<br \/>\n-ASTRID PL\u00d6SCH\u00a0 Biathlon\u00a0 Inseguimento\u00a0 U19<br \/>\n-ILARIA SCATTOLO\u00a0 Biathlon Sprint\u00a0 U19<br \/>\n-SQUADRA (<em>Alex Perissutti, Pietro Pallober e Mattia Piller Hoffer) <\/em>\u00a0Biathlon\u00a0 Staffetta\u00a0 U19<br \/>\n<strong>-RAFFAELE BUZZI\u00a0 Combinata\u00a0 Assoluti<\/strong><br \/>\n-ANDREA GARTNER\u00a0 Fondo\u00a0 10 km tc\u00a0 U20<br \/>\n-MARIA GISMONDI\u00a0 Fondo\u00a0 5 km tc\u00a0 U18<br \/>\n-MARIA GISMONDI\u00a0 Skiroll\u00a0 Sprint\u00a0 U18<br \/>\n-DAVIDE GRAZ\u00a0 Skiroll\u00a0 15 km\u00a0 U23<\/p>\n<p><strong><span style=\"color: #993366\">BRONZO<\/span><\/strong><br \/>\n<strong>-NICOLA ROMANIN\u00a0 Biathlon estivo\u00a0 Individuale\u00a0 Assoluti<br \/>\n-ELEONORA FAUNER\u00a0 Biathlon estivo\u00a0 Sprint\u00a0 Assoluti<\/strong><br \/>\n-PIETRO PALLOBER\u00a0 Biathlon estivo\u00a0 Individuale\u00a0 U19<br \/>\n-MATTIA PILLER HOFFER\u00a0 Biathlon\u00a0 Individuale\u00a0 U19<br \/>\n-MAYA PIVIDORI\u00a0 Biathlon\u00a0 Sprint\u00a0 U17<br \/>\n-MAYA PIVIDORI\u00a0 Biathlon\u00a0 Inseguimento\u00a0 U17<br \/>\n-MAYA PIVIDORI\u00a0 Biathlon\u00a0 Individuale U17<br \/>\n-ASTRID PL\u00d6SCH\u00a0 Biathlon\u00a0 Sprint\u00a0 U19<br \/>\n-ILARIA SCATTOLO\u00a0 Biathlon Inseguimento\u00a0 U19<br \/>\n<strong>-ALESSANDRO PITTIN\u00a0 Combinata\u00a0 Assoluti<br \/>\n<\/strong>-GRETA PINZANI\u00a0 Combinata\u00a0 Juniores<strong><br \/>\n-TANIA VICENZINO\u00a0 Monobob\u00a0 Estivi Spinta\u00a0 Assoluti<\/strong><br \/>\n<strong>-COSTANTINO UGHI\u00a0 Bob a 4\u00a0 Estivi Spinta\u00a0 Assoluti<br \/>\n<\/strong>-CAMILLA COMAZZI\u00a0 Salto\u00a0 Juniores<strong><br \/>\n-CRISTINA PITTIN\u00a0 Skiroll\u00a0 10 km\u00a0 \u00a0Assoluti<br \/>\n-GIUSEPPE MONTELLO\u00a0 Skiroll\u00a0 15 km\u00a0 Assoluti<br \/>\n<\/strong>-LUCA DEL FABBRO\u00a0 Skiroll\u00a0 15 km\u00a0 U23<strong><br \/>\n<\/strong><\/p>\n<p>&nbsp;<\/p>\n","protected":false},"excerpt":{"rendered":"<p>Il lussarino si impone in una categoria superiore alla sua<\/p>\n","protected":false},"author":4,"featured_media":86060,"comment_status":"closed","ping_status":"closed","sticky":false,"template":"","format":"standard","meta":{"_acf_changed":false,"footnotes":""},"categories":[14,12],"tags":[],"acf":[],"_links":{"self":[{"href":"https:\/\/comitati.fisi.org\/friuli-venezia-giulia\/wp-json\/wp\/v2\/posts\/86058"}],"collection":[{"href":"https:\/\/comitati.fisi.org\/friuli-venezia-giulia\/wp-json\/wp\/v2\/posts"}],"about":[{"href":"https:\/\/comitati.fisi.org\/friuli-venezia-giulia\/wp-json\/wp\/v2\/types\/post"}],"author":[{"embeddable":true,"href":"https:\/\/comitati.fisi.org\/friuli-venezia-giulia\/wp-json\/wp\/v2\/users\/4"}],"replies":[{"embeddable":true,"href":"https:\/\/comitati.fisi.org\/friuli-venezia-giulia\/wp-json\/wp\/v2\/comments?post=86058"}],"version-history":[{"count":0,"href":"https:\/\/comitati.fisi.org\/friuli-venezia-giulia\/wp-json\/wp\/v2\/posts\/86058\/revisions"}],"wp:featuredmedia":[{"embeddable":true,"href":"https:\/\/comitati.fisi.org\/friuli-venezia-giulia\/wp-json\/wp\/v2\/media\/86060"}],"wp:attachment":[{"href":"https:\/\/comitati.fisi.org\/friuli-venezia-giulia\/wp-json\/wp\/v2\/media?parent=86058"}],"wp:term":[{"taxonomy":"category","embeddable":true,"href":"https:\/\/comitati.fisi.org\/friuli-venezia-giulia\/wp-json\/wp\/v2\/categories?post=86058"},{"taxonomy":"post_tag","embeddable":true,"href":"https:\/\/comitati.fisi.org\/friuli-venezia-giulia\/wp-json\/wp\/v2\/tags?post=86058"}],"curies":[{"name":"wp","href":"https:\/\/api.w.org\/{rel}","templated":true}]}}