{"id":85933,"date":"2022-02-12T11:27:48","date_gmt":"2022-02-12T10:27:48","guid":{"rendered":"https:\/\/www.fisifvg.org\/?p=85933"},"modified":"2022-02-12T11:27:48","modified_gmt":"2022-02-12T10:27:48","slug":"skipass-scontati-ogni-martedi-e-mercoledi-nei-poli-sciistici-fvg","status":"publish","type":"post","link":"https:\/\/comitati.fisi.org\/friuli-venezia-giulia\/blog\/2022\/02\/12\/skipass-scontati-ogni-martedi-e-mercoledi-nei-poli-sciistici-fvg\/","title":{"rendered":"Skipass scontati ogni marted\u00ec e mercoled\u00ec nei poli sciistici FVG"},"content":{"rendered":"<p style=\"font-weight: 400\"><strong>Skipass ridotto<\/strong>\u00a0per chi va a sciare nelle giornate di\u00a0<strong>marted\u00ec e mercoled\u00ec<\/strong>: dal 15 febbraio a fine stagione invernale il prezzo del\u00a0<strong>giornaliero sar\u00e0 scontato del 20 per cento per chi acquista alle casse<\/strong> dei sei poli della regione FVG e <strong>del 30 per cento a chi compra il ticket online<\/strong>.<\/p>\n<p style=\"font-weight: 400\">La promozione partir\u00e0 gi\u00e0 con il prossimo marted\u00ec, riguarda solo gli skipass giornalieri \u2013 e non dunque sci@ore \u2013 e sar\u00e0 sospesa nelle giornate dell\u20191 e 2 marzo. I biglietti online saranno disponibili dal luned\u00ec alle 12 sino al mercoled\u00ec, sempre alle 12, di ogni settimana fino alla chiusura stagionale degli impianti.<\/p>\n<p style=\"font-weight: 400\">Chi possiede la\u00a0<strong>Ticket Card<\/strong>\u00a0pu\u00f2 comodamente ricaricare i biglietti sulla tessera accedendo al portale, all\u2019indirizzo\u00a0<a href=\"https:\/\/fvg.axess.shop\/it\" data-saferedirecturl=\"https:\/\/www.google.com\/url?q=https:\/\/fvg.axess.shop\/it&amp;source=gmail&amp;ust=1644747951013000&amp;usg=AOvVaw2Cy7UPPlYBnEgqenBB4wxl\">https:\/\/fvg.axess.shop\/it<\/a>, scegliendo lo skipass giornaliero valido nei comprensori di Tarvisio, Zoncolan, Sappada, Piancavallo, Sella Nevea e Forni di Sopra-Sauris, per poi presentarsi direttamente ai tornelli degli impianti. Per ottenere la \u201cTicket Card\u201d (costo di 5 euro con validit\u00e0 di cinque anni) basta registrarsi sul portale e presentarsi, solo la prima volta, alle biglietterie di uno dei poli per ritirare la tessera, oppure si pu\u00f2 acquistare lo skipass direttamente alle casse dei comprensori.<\/p>\n<p style=\"font-weight: 400\">PromoTurismoFVG ricorda che per accedere alle<strong>\u00a0piste<\/strong>\u00a0<strong>\u00e8 necessario il green pass rafforzato<\/strong>\u00a0&#8211; rilasciato solo a ciclo vaccinale completo o se si \u00e8 guariti dal Covid &#8211; e\u00a0<strong>continua a rimanere obbligatorio<\/strong>\u00a0<strong>l\u2019utilizzo di<\/strong>\u00a0<strong>mascherina Ffp2<\/strong>\u00a0sugli impianti \u201cchiusi\u201d (telecabine, funivie, seggiovie a cupola abbassata, tappeti coperti) e mascherina, anche chirurgica, su tutti quelli aperti.<\/p>\n<p style=\"font-weight: 400\">Per rimanere sempre aggiornati sulle aperture dei comprensori \u00e8 possibile accedere alla sezione Infoneve,\u00a0<a href=\"https:\/\/www.turismofvg.it\/montagna\/infoneve\" data-saferedirecturl=\"https:\/\/www.google.com\/url?q=https:\/\/www.turismofvg.it\/montagna\/infoneve&amp;source=gmail&amp;ust=1644747951013000&amp;usg=AOvVaw1FLr7k-fKyScGJ7w0mWQa8\">www.turismofvg.it\/montagna\/infoneve<\/a>.<\/p>\n","protected":false},"excerpt":{"rendered":"<p>Meno 20 per cento alle casse e meno 30 per cento per chi compra online<\/p>\n","protected":false},"author":4,"featured_media":83319,"comment_status":"closed","ping_status":"closed","sticky":false,"template":"","format":"standard","meta":{"_acf_changed":false,"footnotes":""},"categories":[10,17],"tags":[],"acf":[],"_links":{"self":[{"href":"https:\/\/comitati.fisi.org\/friuli-venezia-giulia\/wp-json\/wp\/v2\/posts\/85933"}],"collection":[{"href":"https:\/\/comitati.fisi.org\/friuli-venezia-giulia\/wp-json\/wp\/v2\/posts"}],"about":[{"href":"https:\/\/comitati.fisi.org\/friuli-venezia-giulia\/wp-json\/wp\/v2\/types\/post"}],"author":[{"embeddable":true,"href":"https:\/\/comitati.fisi.org\/friuli-venezia-giulia\/wp-json\/wp\/v2\/users\/4"}],"replies":[{"embeddable":true,"href":"https:\/\/comitati.fisi.org\/friuli-venezia-giulia\/wp-json\/wp\/v2\/comments?post=85933"}],"version-history":[{"count":0,"href":"https:\/\/comitati.fisi.org\/friuli-venezia-giulia\/wp-json\/wp\/v2\/posts\/85933\/revisions"}],"wp:featuredmedia":[{"embeddable":true,"href":"https:\/\/comitati.fisi.org\/friuli-venezia-giulia\/wp-json\/wp\/v2\/media\/83319"}],"wp:attachment":[{"href":"https:\/\/comitati.fisi.org\/friuli-venezia-giulia\/wp-json\/wp\/v2\/media?parent=85933"}],"wp:term":[{"taxonomy":"category","embeddable":true,"href":"https:\/\/comitati.fisi.org\/friuli-venezia-giulia\/wp-json\/wp\/v2\/categories?post=85933"},{"taxonomy":"post_tag","embeddable":true,"href":"https:\/\/comitati.fisi.org\/friuli-venezia-giulia\/wp-json\/wp\/v2\/tags?post=85933"}],"curies":[{"name":"wp","href":"https:\/\/api.w.org\/{rel}","templated":true}]}}