{"id":85925,"date":"2022-02-12T20:25:45","date_gmt":"2022-02-12T19:25:45","guid":{"rendered":"https:\/\/www.fisifvg.org\/?p=85925"},"modified":"2022-02-12T20:25:45","modified_gmt":"2022-02-12T19:25:45","slug":"la-start-list-dei-giganti-giovani-senior-e-master-di-forni-di-sopra-2","status":"publish","type":"post","link":"https:\/\/comitati.fisi.org\/friuli-venezia-giulia\/blog\/2022\/02\/12\/la-start-list-dei-giganti-giovani-senior-e-master-di-forni-di-sopra-2\/","title":{"rendered":"Le start list dei giganti Giovani\/Senior e Master di Forni di Sopra"},"content":{"rendered":"<p>Doppio appuntamento domenica a Forni di Sopra per Giovani\/Senior e Master.<\/p>\n<p>Sulla pista Varmost 2 l&#8217;ASD Mladina organizza due giganti, il primo dei quali valido per la fase regionale del Trofeo delle Societ\u00e0, mentre il secondo \u00e8 inserito nel circuito FISI FVG.<\/p>\n<p>Proponiamo le start list, il Programma Gara e il Verbale della Riunione di Giuria.<\/p>\n<p><a href=\"http:\/\/comitati.fisi.org\/friuli-venezia-giulia\/wp-content\/uploads\/sites\/34\/2022\/02\/ODP-1-GARA-1.pdf\">Ordine di partenza Gara 1<\/a><br \/>\n<a href=\"http:\/\/comitati.fisi.org\/friuli-venezia-giulia\/wp-content\/uploads\/sites\/34\/2022\/02\/odp-2-gara.pdf\">Ordine di partenza Gara 2<\/a><\/p>\n<div id='gallery-1' class='gallery galleryid-85925 gallery-columns-1 gallery-size-large'><dl class='gallery-item'>\n\t\t\t<dt class='gallery-icon portrait'>\n\t\t\t\t<a href='https:\/\/comitati.fisi.org\/friuli-venezia-giulia\/blog\/2022\/02\/12\/la-start-list-dei-giganti-giovani-senior-e-master-di-forni-di-sopra-2\/image0\/'><img loading=\"lazy\" decoding=\"async\" width=\"480\" height=\"640\" src=\"https:\/\/comitati.fisi.org\/friuli-venezia-giulia\/wp-content\/uploads\/sites\/34\/2022\/02\/image0-rotated-1.jpeg\" class=\"attachment-large size-large\" alt=\"\" srcset=\"https:\/\/comitati.fisi.org\/friuli-venezia-giulia\/wp-content\/uploads\/sites\/34\/2022\/02\/image0-rotated-1.jpeg 480w, https:\/\/comitati.fisi.org\/friuli-venezia-giulia\/wp-content\/uploads\/sites\/34\/2022\/02\/image0-rotated-1-225x300.jpeg 225w\" sizes=\"(max-width: 480px) 100vw, 480px\" \/><\/a>\n\t\t\t<\/dt><\/dl><dl class='gallery-item'>\n\t\t\t<dt class='gallery-icon portrait'>\n\t\t\t\t<a href='https:\/\/comitati.fisi.org\/friuli-venezia-giulia\/blog\/2022\/02\/12\/la-start-list-dei-giganti-giovani-senior-e-master-di-forni-di-sopra-2\/img_2205-2\/'><img loading=\"lazy\" decoding=\"async\" width=\"480\" height=\"640\" src=\"https:\/\/comitati.fisi.org\/friuli-venezia-giulia\/wp-content\/uploads\/sites\/34\/2022\/02\/IMG_2205-2-rotated-1.jpg\" class=\"attachment-large size-large\" alt=\"\" srcset=\"https:\/\/comitati.fisi.org\/friuli-venezia-giulia\/wp-content\/uploads\/sites\/34\/2022\/02\/IMG_2205-2-rotated-1.jpg 480w, https:\/\/comitati.fisi.org\/friuli-venezia-giulia\/wp-content\/uploads\/sites\/34\/2022\/02\/IMG_2205-2-rotated-1-225x300.jpg 225w\" sizes=\"(max-width: 480px) 100vw, 480px\" \/><\/a>\n\t\t\t<\/dt><\/dl>\n\t\t<\/div>\n\n","protected":false},"excerpt":{"rendered":"<p>La prima gara sar\u00e0 valida per la fase regionale del Trofeo delle Societ\u00e0, mentre la seconda \u00e8 inserita nel circuito FISI FVG<\/p>\n","protected":false},"author":4,"featured_media":85194,"comment_status":"closed","ping_status":"closed","sticky":false,"template":"","format":"standard","meta":{"_acf_changed":false,"footnotes":""},"categories":[15],"tags":[],"acf":[],"_links":{"self":[{"href":"https:\/\/comitati.fisi.org\/friuli-venezia-giulia\/wp-json\/wp\/v2\/posts\/85925"}],"collection":[{"href":"https:\/\/comitati.fisi.org\/friuli-venezia-giulia\/wp-json\/wp\/v2\/posts"}],"about":[{"href":"https:\/\/comitati.fisi.org\/friuli-venezia-giulia\/wp-json\/wp\/v2\/types\/post"}],"author":[{"embeddable":true,"href":"https:\/\/comitati.fisi.org\/friuli-venezia-giulia\/wp-json\/wp\/v2\/users\/4"}],"replies":[{"embeddable":true,"href":"https:\/\/comitati.fisi.org\/friuli-venezia-giulia\/wp-json\/wp\/v2\/comments?post=85925"}],"version-history":[{"count":0,"href":"https:\/\/comitati.fisi.org\/friuli-venezia-giulia\/wp-json\/wp\/v2\/posts\/85925\/revisions"}],"wp:featuredmedia":[{"embeddable":true,"href":"https:\/\/comitati.fisi.org\/friuli-venezia-giulia\/wp-json\/wp\/v2\/media\/85194"}],"wp:attachment":[{"href":"https:\/\/comitati.fisi.org\/friuli-venezia-giulia\/wp-json\/wp\/v2\/media?parent=85925"}],"wp:term":[{"taxonomy":"category","embeddable":true,"href":"https:\/\/comitati.fisi.org\/friuli-venezia-giulia\/wp-json\/wp\/v2\/categories?post=85925"},{"taxonomy":"post_tag","embeddable":true,"href":"https:\/\/comitati.fisi.org\/friuli-venezia-giulia\/wp-json\/wp\/v2\/tags?post=85925"}],"curies":[{"name":"wp","href":"https:\/\/api.w.org\/{rel}","templated":true}]}}