{"id":85854,"date":"2022-02-11T21:20:07","date_gmt":"2022-02-11T20:20:07","guid":{"rendered":"https:\/\/www.fisifvg.org\/?p=85854"},"modified":"2022-02-11T21:20:07","modified_gmt":"2022-02-11T20:20:07","slug":"coppa-italia-sci-alpinismo-a-forni-di-sopra-le-start-list-della-sprint","status":"publish","type":"post","link":"https:\/\/comitati.fisi.org\/friuli-venezia-giulia\/blog\/2022\/02\/11\/coppa-italia-sci-alpinismo-a-forni-di-sopra-le-start-list-della-sprint\/","title":{"rendered":"Coppa Italia sci alpinismo a Forni di Sopra, le start list della Sprint"},"content":{"rendered":"<p>La Societ\u00e0 Sportiva <span class=\"il\">Fornese<\/span>, in collaborazione con FISI FVG, PromoTurismoFVG e Comune di Forni di Sopra, organizza la Coppa Italia di Sci Alpinismo. L\u2019evento si svolger\u00e0 a Forni di Sopra il 12 e 13 febbraio e prevede due gare aperte agli atleti tesserati FISI delle categorie giovanili U16 &#8211; U18 &#8211; U20 &#8211; U23.<\/p>\n<p>In via promozionale la gara prevede anche la partecipazione delle categorie U12 e U14\u00a0e la partecipazione di atleti &#8220;Open&#8221; (non tesserati)\u00a0alla gara individual distance di domenica.<\/p>\n<p>Il programma prevede <strong>sabato 12 febbraio la gara Sprint: <\/strong>un percorso breve, vario con salite e discese e tratti a piedi con gli sci sullo zaino. La spettacolare gara sprint prevede fasi di qualificazione, quarti di finale, semifinali e finale. Questa gara si terr\u00e0 nella Ski Area di Davost, a fondovalle.<\/p>\n<p><strong>Domenica 13 febbraio la gara Individuale:<\/strong> un percorso di salita e discesa con tratti con pelli di foca, tratti a piedi e discese. Questa gara si terr\u00e0 nella Ski Area del Varmost con partenza nel pressi della Malga Varmost a quota 1780 m, con passaggi sulla cresta del M.te Crusicalas a quota 2.100 m.<\/p>\n<p>All\u2019evento di calendario Federale sono attesi oltre 150 giovani atleti sci alpinisti in rappresentanza degli sci club provenienti da tutto l\u2019arco alpino. Il Circuito della Coppa Italia rappresenta l&#8217;eccellenza delle competizioni della specialit\u00e0 per livello tecnico e spettacolarit\u00e0, ad esso partecipano i migliori atleti di sci alpinismo italiani e non solo. La Societ\u00e0 Sportiva <span class=\"il\">Fornese<\/span>, assieme alla commissione tecnica del comitato FISI FVG, da molti giorni sta lavorando per questo evento di alto profilo tecnico al fine di esprimere nel miglior modo possibile i valori sportivi dello sci alpinismo,\u00a0<strong>nuova disciplina olimpica Milano Cortina 2026<\/strong>. L\u2019evento della Coppa Italia di Forni di Sopra \u00e8 un vero debutto per la Regione FVG, fucina di grandi campioni di sci alpinismo come Tadei Pivk e Marta Martini.<\/p>\n<p><a href=\"http:\/\/comitati.fisi.org\/friuli-venezia-giulia\/wp-content\/uploads\/sites\/34\/2022\/02\/Ordine-di-partenza-1-1.pdf\">Ordine di partenza U16 e U18<\/a><br \/>\n<a href=\"http:\/\/comitati.fisi.org\/friuli-venezia-giulia\/wp-content\/uploads\/sites\/34\/2022\/02\/Ordine-di-partenza2.pdf\">Ordine di partenza U10 e U23<\/a><\/p>\n<p>&nbsp;<\/p>\n","protected":false},"excerpt":{"rendered":"<p>La manifestazione \u00e8 organizzata dalla Societ\u00e0 Sportiva Fornese in collaborazione con FISI FVG, PromoTurismoFVG e Comune<\/p>\n","protected":false},"author":4,"featured_media":85249,"comment_status":"closed","ping_status":"closed","sticky":false,"template":"","format":"standard","meta":{"_acf_changed":false,"footnotes":""},"categories":[10,19],"tags":[],"acf":[],"_links":{"self":[{"href":"https:\/\/comitati.fisi.org\/friuli-venezia-giulia\/wp-json\/wp\/v2\/posts\/85854"}],"collection":[{"href":"https:\/\/comitati.fisi.org\/friuli-venezia-giulia\/wp-json\/wp\/v2\/posts"}],"about":[{"href":"https:\/\/comitati.fisi.org\/friuli-venezia-giulia\/wp-json\/wp\/v2\/types\/post"}],"author":[{"embeddable":true,"href":"https:\/\/comitati.fisi.org\/friuli-venezia-giulia\/wp-json\/wp\/v2\/users\/4"}],"replies":[{"embeddable":true,"href":"https:\/\/comitati.fisi.org\/friuli-venezia-giulia\/wp-json\/wp\/v2\/comments?post=85854"}],"version-history":[{"count":0,"href":"https:\/\/comitati.fisi.org\/friuli-venezia-giulia\/wp-json\/wp\/v2\/posts\/85854\/revisions"}],"wp:featuredmedia":[{"embeddable":true,"href":"https:\/\/comitati.fisi.org\/friuli-venezia-giulia\/wp-json\/wp\/v2\/media\/85249"}],"wp:attachment":[{"href":"https:\/\/comitati.fisi.org\/friuli-venezia-giulia\/wp-json\/wp\/v2\/media?parent=85854"}],"wp:term":[{"taxonomy":"category","embeddable":true,"href":"https:\/\/comitati.fisi.org\/friuli-venezia-giulia\/wp-json\/wp\/v2\/categories?post=85854"},{"taxonomy":"post_tag","embeddable":true,"href":"https:\/\/comitati.fisi.org\/friuli-venezia-giulia\/wp-json\/wp\/v2\/tags?post=85854"}],"curies":[{"name":"wp","href":"https:\/\/api.w.org\/{rel}","templated":true}]}}