{"id":85755,"date":"2022-02-07T18:06:53","date_gmt":"2022-02-07T17:06:53","guid":{"rendered":"https:\/\/www.fisifvg.org\/?p=85755"},"modified":"2022-02-07T18:06:53","modified_gmt":"2022-02-07T17:06:53","slug":"lassessore-fvg-bini-il-ritorno-del-lussarissimo-e-una-bella-notizia","status":"publish","type":"post","link":"https:\/\/comitati.fisi.org\/friuli-venezia-giulia\/blog\/2022\/02\/07\/lassessore-fvg-bini-il-ritorno-del-lussarissimo-e-una-bella-notizia\/","title":{"rendered":"L&#8217;assessore FVG Bini: \u00abIl ritorno del Lussarissimo \u00e8 una bella notizia\u00bb"},"content":{"rendered":"<p>&#8220;Lussarissimo 2022 \u00e8 un evento che va vissuto perch\u00e9 si pone l&#8217;obiettivo di avvicinare il pubblico degli appassionati della natura e dello sport alle attivit\u00e0 invernali, in particolare attraverso la disponibilit\u00e0 della pista Di Prampero di Tarvisio che la sera \u00e8 praticabile grazie all&#8217;illuminazione del tracciato&#8221;.<br \/>\nLo ha evidenziato l&#8217;assessore regionale alle Attivit\u00e0 produttive e al Turismo, Sergio Emidio Bini, intervenendo a Udine alla presentazione di &#8216;Lussarissimo2022&#8217;, la manifestazione che ritorna dopo la sosta causata dalla pandemia e si terr\u00e0 dal 18 al 20 febbraio sugli impianti e sulle strutture che sono dominate dal Monte Lussari &#8211; un&#8217;icona &#8211; ha evidenziato l&#8217;esponente dell&#8217;esecutivo &#8211; della promozione turistica dell&#8217;intero Friuli Venezia Giulia&#8221;.<br \/>\nProprio per far ritornare gli amanti della neve sulle piste e nelle valli del tarvisiano, l&#8217;iniziativa sar\u00e0 aperta la sera del 18 febbraio da una ciaspolata sotto la luna, per dare modo di apprezzare a tutti la suggestione dei paesaggi della Val Canale, e culminer\u00e0 con il Gigante parallelo in notturna, il 19 febbraio dalle ore 19, per concludersi con la &#8216;Tarvisio snow half marathon&#8217;, la domenica mattina. Bini si \u00e8 complimentato con gli organizzatori e con il Comune di Tarvisio per avere saputo gestire la ripartenza dell&#8217;iniziativa, offrendo cos\u00ec una rinnovata occasione di richiamo per la montagna che si \u00e8 risollevata, mostrando numeri molto significativi di sciatori e appassionati in questa stagione invernale tuttora in corso.<\/p>\n<div id=\"attachment_85757\" style=\"width: 510px\" class=\"wp-caption alignright\"><a href=\"http:\/\/comitati.fisi.org\/friuli-venezia-giulia\/wp-content\/uploads\/sites\/34\/2022\/02\/Mail17Tx001601.jpg\"><img loading=\"lazy\" decoding=\"async\" aria-describedby=\"caption-attachment-85757\" class=\"wp-image-85757\" src=\"http:\/\/comitati.fisi.org\/friuli-venezia-giulia\/wp-content\/uploads\/sites\/34\/2022\/02\/Mail17Tx001601-400x400.jpg\" alt=\"\" width=\"500\" height=\"375\" \/><\/a><p id=\"caption-attachment-85757\" class=\"wp-caption-text\">L&#8217;assessore Bini durante un&#8217;intervista nel corso della conferenza stampa<\/p><\/div>\n<p>Parallelamente, prosegue l&#8217;attuazione dei corposi investimenti messi in campo dalla Giunta Fedriga per migliorare gli impianti, ha specificato l&#8217;assessore, che necessitavano di interventi per adeguare la qualit\u00e0 del servizio alle attese sempre pi\u00f9 crescenti dei turisti.<br \/>\n&#8220;L&#8217;attenzione della Regione per la montagna \u00e8 concreta, e se il Lussari &#8211; ha detto Bini &#8211; \u00e8 una delle pi\u00f9 belle immagini che il FVG sa offrire al mondo intero, altri sono gli interventi che sono rivolti al rilancio dei poli dell&#8217;intero comprensorio montano, per un ammontare complessivo di 70 milioni di euro&#8221;.<br \/>\nMa non basta, perch\u00e9, come ha specificato &#8211; &#8220;tutto il settore turistico del Friuli Venezia Giulia \u00e8 all&#8217;attenzione dell&#8217;Amministrazione regionale&#8221;.<br \/>\nNella legge di stabilit\u00e0, ha ricordato ancora, abbiamo messo a disposizione oltre 14 milioni per il nuovo bando del Fondo Turismo, ovvero incentivi per il rinnovamento e l&#8217;adeguamento delle strutture ricettive, ma stiamo lavorando anche a una norma da presentare al prossimo assestamento, che consenta di compiere un ulteriore passo in avanti per sostenere la realizzazione di strutture ricettive di alta qualit\u00e0.<br \/>\nNel frattempo, sono allo studio nuove forme di promozione, assieme a iniziative atte a favorire il &#8216;restiling&#8217; dei punti di ristoro presenti sulle nostre montagne, per rinfrescare ulteriormente l&#8217;immagine dell&#8217;offerta del Friuli Venezia Giulia.<br \/>\nIniziative, quelle in atto da parte della Regione, che come ha concluso Bini sono e saranno attuate con il coinvolgimento degli attori protagonisti, per poter riscrivere assieme a loro una nuova bella pagina di storia relativa al rilancio della nostra montagna, adeguandone l&#8217;offerta alle attese del turismo che la sta riscoprendo anche dopo la pandemia.<\/p>\n","protected":false},"excerpt":{"rendered":"<p>Oggi la presentazione a Udine della manifestazione in programma dal 18 al 20 febbraio a Tarvisio<\/p>\n","protected":false},"author":4,"featured_media":85756,"comment_status":"closed","ping_status":"closed","sticky":false,"template":"","format":"standard","meta":{"_acf_changed":false,"footnotes":""},"categories":[10,17],"tags":[],"acf":[],"_links":{"self":[{"href":"https:\/\/comitati.fisi.org\/friuli-venezia-giulia\/wp-json\/wp\/v2\/posts\/85755"}],"collection":[{"href":"https:\/\/comitati.fisi.org\/friuli-venezia-giulia\/wp-json\/wp\/v2\/posts"}],"about":[{"href":"https:\/\/comitati.fisi.org\/friuli-venezia-giulia\/wp-json\/wp\/v2\/types\/post"}],"author":[{"embeddable":true,"href":"https:\/\/comitati.fisi.org\/friuli-venezia-giulia\/wp-json\/wp\/v2\/users\/4"}],"replies":[{"embeddable":true,"href":"https:\/\/comitati.fisi.org\/friuli-venezia-giulia\/wp-json\/wp\/v2\/comments?post=85755"}],"version-history":[{"count":0,"href":"https:\/\/comitati.fisi.org\/friuli-venezia-giulia\/wp-json\/wp\/v2\/posts\/85755\/revisions"}],"wp:featuredmedia":[{"embeddable":true,"href":"https:\/\/comitati.fisi.org\/friuli-venezia-giulia\/wp-json\/wp\/v2\/media\/85756"}],"wp:attachment":[{"href":"https:\/\/comitati.fisi.org\/friuli-venezia-giulia\/wp-json\/wp\/v2\/media?parent=85755"}],"wp:term":[{"taxonomy":"category","embeddable":true,"href":"https:\/\/comitati.fisi.org\/friuli-venezia-giulia\/wp-json\/wp\/v2\/categories?post=85755"},{"taxonomy":"post_tag","embeddable":true,"href":"https:\/\/comitati.fisi.org\/friuli-venezia-giulia\/wp-json\/wp\/v2\/tags?post=85755"}],"curies":[{"name":"wp","href":"https:\/\/api.w.org\/{rel}","templated":true}]}}