{"id":85738,"date":"2022-02-07T13:32:54","date_gmt":"2022-02-07T12:32:54","guid":{"rendered":"https:\/\/www.fisifvg.org\/?p=85738"},"modified":"2022-02-07T13:32:54","modified_gmt":"2022-02-07T12:32:54","slug":"lara-della-mea-pronta-per-lesordio-olimpico","status":"publish","type":"post","link":"https:\/\/comitati.fisi.org\/friuli-venezia-giulia\/blog\/2022\/02\/07\/lara-della-mea-pronta-per-lesordio-olimpico\/","title":{"rendered":"Lara Della Mea pronta per l&#8217;esordio olimpico"},"content":{"rendered":"<p>Mercoled\u00ec 9 febbraio il programma olimpico dello sci alpino propone lo slalom femminile. Per l\u2019Italia saranno al via Anita Gulli e Lara Della Mea, entrambe esordienti assolute ai Giochi Olimpici.<\/p>\n<p>Ecco le parole di Lara, 23enne tarvisiana cresciuta nello Sci CAI Monte Lussari: <em>\u201cSono felicissima di essere a Pechino, soprattutto dopo l\u2019infortunio che ho subito l\u2019anno scorso prima dei Mondiali di Cortina. Mi sento bene, ho trovato buone sensazioni anche in pista anche se la neve \u00e8 un po\u2019 strana. Sono sempre positiva, quindi ce la metter\u00f2 tutta per fare il massimo nello slalom. Questa neve non l\u2019ho mai trovata da nessuna parte, sembra aggressiva ma non lo \u00e8, \u00e8 molto veloce. Bisogna adattarsi ma non \u00e8 male, mi piace abbastanza. L\u2019esperienza del villaggio olimpico \u00e8 fantastica, mi sto godendo ogni attimo di questi Giochi\u201d.<\/em><\/p>\n<p>Prima manche alle 3.15, seconda alle 6.45.<\/p>\n","protected":false},"excerpt":{"rendered":"<p>Mercoled\u00ec 9 febbraio il programma dello sci alpino propone lo slalom femminile<\/p>\n","protected":false},"author":4,"featured_media":83715,"comment_status":"closed","ping_status":"closed","sticky":false,"template":"","format":"standard","meta":{"_acf_changed":false,"footnotes":""},"categories":[10,15],"tags":[],"acf":[],"_links":{"self":[{"href":"https:\/\/comitati.fisi.org\/friuli-venezia-giulia\/wp-json\/wp\/v2\/posts\/85738"}],"collection":[{"href":"https:\/\/comitati.fisi.org\/friuli-venezia-giulia\/wp-json\/wp\/v2\/posts"}],"about":[{"href":"https:\/\/comitati.fisi.org\/friuli-venezia-giulia\/wp-json\/wp\/v2\/types\/post"}],"author":[{"embeddable":true,"href":"https:\/\/comitati.fisi.org\/friuli-venezia-giulia\/wp-json\/wp\/v2\/users\/4"}],"replies":[{"embeddable":true,"href":"https:\/\/comitati.fisi.org\/friuli-venezia-giulia\/wp-json\/wp\/v2\/comments?post=85738"}],"version-history":[{"count":0,"href":"https:\/\/comitati.fisi.org\/friuli-venezia-giulia\/wp-json\/wp\/v2\/posts\/85738\/revisions"}],"wp:featuredmedia":[{"embeddable":true,"href":"https:\/\/comitati.fisi.org\/friuli-venezia-giulia\/wp-json\/wp\/v2\/media\/83715"}],"wp:attachment":[{"href":"https:\/\/comitati.fisi.org\/friuli-venezia-giulia\/wp-json\/wp\/v2\/media?parent=85738"}],"wp:term":[{"taxonomy":"category","embeddable":true,"href":"https:\/\/comitati.fisi.org\/friuli-venezia-giulia\/wp-json\/wp\/v2\/categories?post=85738"},{"taxonomy":"post_tag","embeddable":true,"href":"https:\/\/comitati.fisi.org\/friuli-venezia-giulia\/wp-json\/wp\/v2\/tags?post=85738"}],"curies":[{"name":"wp","href":"https:\/\/api.w.org\/{rel}","templated":true}]}}