{"id":85696,"date":"2022-02-06T16:46:18","date_gmt":"2022-02-06T15:46:18","guid":{"rendered":"https:\/\/www.fisifvg.org\/?p=85696"},"modified":"2022-02-06T16:46:18","modified_gmt":"2022-02-06T15:46:18","slug":"giuseppe-montello-3-nella-dobbiaco-cortina-5-martin-coradazzi","status":"publish","type":"post","link":"https:\/\/comitati.fisi.org\/friuli-venezia-giulia\/blog\/2022\/02\/06\/giuseppe-montello-3-nella-dobbiaco-cortina-5-martin-coradazzi\/","title":{"rendered":"Giuseppe Montello 3\u00b0 nella Dobbiaco-Cortina, 5\u00b0 Martin Coradazzi"},"content":{"rendered":"<p style=\"font-weight: 400\">Lo svizzero Beda Klee, dopo aver affilato le armi ieri nella gara in classico, oggi alla Dobbiaco-Cortina nella 30 km skating ha sfidato gli azzurri dei Carabinieri e dell\u2019Esercito e si \u00e8 sfilato proprio sul traguardo.<\/p>\n<p style=\"font-weight: 400\">Invece Elisa Brocard ha preso il volo fin dai primi metri e dietro nessuna l\u2019ha pi\u00f9 vista, una vittoria netta e meritata.<\/p>\n<p style=\"font-weight: 400\">Oggi seconda giornata di gare alla 45.a edizione della Granfondo Dobbiaco-Cortina, un\u2019icona dello sci di fondo delle lunghe distanze e che ha raccontato la storia italiana degli sci stretti, e lo ha fatto anche oggi con una bella gara, animata sia davanti che nelle retrovie, sia al maschile che al femminile.<\/p>\n<p style=\"font-weight: 400\">Innanzitutto voto da 10 e lode alla pista, \u00e8 piaciuta a tutti, ai pi\u00f9 veloci e ai tanti che hanno voluto godersi le bellezze tra la Val Pusteria e Cortina con l\u2019arrivo a Fiames. Partenza, come ieri, dall\u2019aeroporto di Dobbiaco, palcoscenico ideale per una grande manifestazione. Ad incoraggiare i partecipanti c\u2019erano anche il presidente della Provincia di Bolzano Arno Kompatscher e il sindaco di Dobbiaco Martin Rienzner, mentre a Fiames, come ieri, c\u2019era il sindaco di Cortina Gianpietro Ghedina, con la valigia gi\u00e0 in mano e in partenza per Pechino dove andr\u00e0 a ritirare la bandiera olimpica a fine Giochi, in vista del 2026.<\/p>\n<p style=\"font-weight: 400\">Pronti via e subito i migliori, in pratica tutti gli atleti dei gruppi sportivi militari e lo svizzero Klee, gi\u00e0 sul podio ieri in classico, erano al comando a fare l\u2019andatura. Tra i pi\u00f9 attivi Paolo Fanton e Stefano Gardener dei Carabinieri, Giuseppe Montello, Martin Coradazzi e Daniele Serra dell\u2019Esercito. Dietro un secondo gruppetto con i pi\u00f9 veloci tra quelli delle lunghe distanze, con Matteo Tanel, Patrick Klettenhammer, Thomas Rinner, il biathleta sloveno Bauer, Riccardo Masiero e i tedeschi Herzog e Schubert. Intanto tra le donne allungava con vigore la valdostana Elisa Brocard, e dietro si \u00e8 notata subito a sgomitare tra i pi\u00f9 veloci l\u2019altoatesina Julia Kuen, quindi le sorelle Chiara e Alessia De Zolt e Thea Schwingshackl.<\/p>\n<p style=\"font-weight: 400\">Il gruppo di testa rimaneva tale, con il gap ad aumentare col passare dei chilometri, ai passaggi alla Nordic Arena, ai due laghi di Dobbiaco e Landro, a Passo Cimabanche, idem anche per la Brocard.<\/p>\n<p style=\"font-weight: 400\">Dopo il transito nelle pittoresche gallerie della vecchia ferrovia, davanti erano in quattro a \u201cbisticciare\u201d per il podio con Fanton, Gardener e Montello a cercare la collaborazione per braccare l\u2019elvetico, che in quanto ad esperienza nel fondo ne vanta decisamente molta.<\/p>\n<p style=\"font-weight: 400\">Nel finale per\u00f2 Beda Klee, con un\u2019azione da manuale, si \u00e8 liberato di Carabinieri ed Esercito, alias Gardener e Montello, mentre Fanton ha dovuto \u2018duellare\u2019 con la motoslitta delle riprese TV ed ha infilato la dirittura d\u2019arrivo alle loro spalle. Klee con la coda dell\u2019occhio ha controllato la volata di Gardener e Montello. Pericoloso l\u2019affondo di Gardener finito a pochi decimi dall\u2019elvetico, un secondo invece per Montello e 4\u201d per Fanton. Primo dei \u201ccivili\u201d Matteo Tanel, settimo, che nel gruppo che seguiva i protagonisti del podio ha vinto la volata col biathleta Bauer, costretto ad accontentarsi dell\u20198\u00b0 posto davanti a Klettenhammer, secondo degli altoatesini.<br \/>\n<em>\u201cLa gara secondo me si \u00e8 mossa quando Stefano ha tirato e ha fatto selezione, e li siamo rimasti in quattro &#8211; <\/em>racconta Montello <em>-. Poi in discesa la velocit\u00e0 \u00e8 talmente alta che andare via \u00e8 difficilissimo. Abbiamo provato quasi tutti a fare qualche scattino ma non si riusciva ad andare via. Il finale \u00e8 stato molto caotico, purtroppo non conoscevo bene gli ultimi km e mi sono fatto un po\u2019 sorprendere, per\u00f2 in realt\u00e0 in volata non sono un fulmine e sarebbe andata a finire cos\u00ec lo stesso\u201d.<\/em><\/p>\n<p style=\"font-weight: 400\">Elisa Brocard leggera come una farfalla ha pattinato tutta sola, con tanti atleti maschi a subire la sua azione veloce. Le altre erano lontane e Julia Kuen \u00e8 stata brava a divincolarsi dalla morsa delle avversarie. Si \u00e8 piazzata seconda, mai impensierita da Chiara De Zolt che aveva alle sue spalle la svedese\u00a0B\u00f6rjesj\u00f6.<\/p>\n<p style=\"font-weight: 400\">Per i virtuosi della fatica c\u2019era la combinata delle due gare in classico e in skating. Beda Klee ha fatto en plein, capace di rifilare oltre 5\u2019 a Busin e quasi 15\u2019 a K\u00f6hl. Al femminile invece Elisa Perenzoni \u00e8 stata la migliore, con la tedesca Mexner mai in grado di impensierirla.<\/p>\n<p style=\"font-weight: 400\">Sole a go-go per tutti, complimenti agli organizzatori e ai ragazzi del Liceo Artistico di Cortina che hanno realizzato i trofei in legno di cirmolo, opere d\u2019arte che ricorderanno agli atleti del podio l\u2019impresa della 45.a Granfondo Dobbiaco-Cortina.<\/p>\n<p style=\"font-weight: 400\">Con gli ultimi arrivi \u00e8 calato il sipario sull\u2019evento che ha richiamato molti stranieri, bilancio davvero positivo considerando anche la situazione del Covid e il problema neve.<\/p>\n<p style=\"font-weight: 400\"><strong>CLASSIFICA<\/p>\n<p>30 km FT &#8211; maschile<br \/>\n<\/strong>1 Klee Beda Sc Speer Ebnat-Kappel 01:09:06; 2 Gardener Stefano Cs Carabinieri 01:09:06; 3 Montello Giuseppe 01:09:07; 4 Fanton Paolo Cs Carabinieri 01:09:10; 5 Coradazzi Martin 01:10:50; 6 Serra Daniele 01:12:23; 7 Tanel Matteo Team Robinson Trentino 01:14:52; 8 Bauer Klemen 01:14:53; 9 Klettenhammer Patrick Team Robinson Trentino 01:14:53; 10 Schubert Felian 01:14:53.<\/p>\n<p style=\"font-weight: 400\"><strong>30 km FT &#8211; femminile<br \/>\n<\/strong>1 Brocard Elisa 01:18:29; 2 Kuen Julia Team Futura \u2013 Asd White Fox 01:20:45; 3 De Zolt Ponte Chiara Cs Carabinieri 01:21:26; 4 B\u00f6rjesj\u00f6 Malin Sottozero Asd 01:21:27; 5 De Zolt Ponte Alessia Under Up Ski Team Bg 01:23:27; 6 Schwingshackl Thea Team Futura \u2013 Asd White Fox 01:26:55; 7 Maj Valentina Cs Carabinieri 01:26:55; 8 Rindler Bachl Theresa\u00a0 01:27:45; 9 Maierhofer Magdalena Team Synnfjell 01:27:48; 10 Wierer Magdalena Asv Antholzertal 01:27:48.<\/p>\n<p><em><strong>(nella foto Newspower, Montello seguito da Coradazzi)<\/strong><\/em><\/p>\n<p>&nbsp;<\/p>\n","protected":false},"excerpt":{"rendered":"<p>I due fondisti carnici protagonisti nella 30 km a tecnica libera<\/p>\n","protected":false},"author":4,"featured_media":85700,"comment_status":"closed","ping_status":"closed","sticky":false,"template":"","format":"standard","meta":{"_acf_changed":false,"footnotes":""},"categories":[11],"tags":[],"acf":[],"_links":{"self":[{"href":"https:\/\/comitati.fisi.org\/friuli-venezia-giulia\/wp-json\/wp\/v2\/posts\/85696"}],"collection":[{"href":"https:\/\/comitati.fisi.org\/friuli-venezia-giulia\/wp-json\/wp\/v2\/posts"}],"about":[{"href":"https:\/\/comitati.fisi.org\/friuli-venezia-giulia\/wp-json\/wp\/v2\/types\/post"}],"author":[{"embeddable":true,"href":"https:\/\/comitati.fisi.org\/friuli-venezia-giulia\/wp-json\/wp\/v2\/users\/4"}],"replies":[{"embeddable":true,"href":"https:\/\/comitati.fisi.org\/friuli-venezia-giulia\/wp-json\/wp\/v2\/comments?post=85696"}],"version-history":[{"count":0,"href":"https:\/\/comitati.fisi.org\/friuli-venezia-giulia\/wp-json\/wp\/v2\/posts\/85696\/revisions"}],"wp:featuredmedia":[{"embeddable":true,"href":"https:\/\/comitati.fisi.org\/friuli-venezia-giulia\/wp-json\/wp\/v2\/media\/85700"}],"wp:attachment":[{"href":"https:\/\/comitati.fisi.org\/friuli-venezia-giulia\/wp-json\/wp\/v2\/media?parent=85696"}],"wp:term":[{"taxonomy":"category","embeddable":true,"href":"https:\/\/comitati.fisi.org\/friuli-venezia-giulia\/wp-json\/wp\/v2\/categories?post=85696"},{"taxonomy":"post_tag","embeddable":true,"href":"https:\/\/comitati.fisi.org\/friuli-venezia-giulia\/wp-json\/wp\/v2\/tags?post=85696"}],"curies":[{"name":"wp","href":"https:\/\/api.w.org\/{rel}","templated":true}]}}