{"id":85578,"date":"2022-02-05T15:46:39","date_gmt":"2022-02-05T14:46:39","guid":{"rendered":"https:\/\/www.fisifvg.org\/?p=85578"},"modified":"2022-02-05T15:46:39","modified_gmt":"2022-02-05T14:46:39","slug":"asia-patini-si-regala-un-gran-secondo-posto-alla-granfondo-dobbiaco-cortina","status":"publish","type":"post","link":"https:\/\/comitati.fisi.org\/friuli-venezia-giulia\/blog\/2022\/02\/05\/asia-patini-si-regala-un-gran-secondo-posto-alla-granfondo-dobbiaco-cortina\/","title":{"rendered":"Asia Patini si regala un gran secondo posto alla granfondo Dobbiaco-Cortina"},"content":{"rendered":"<p>Asia Patini \u00e8 giunta seconda nella 40 km tc della Granfondo Dobbiaco Cortina.<\/p>\n<p>La fondista di Forni di Sopra \u00e8 stata preceduta solo da Nicole Donzallaz.<\/p>\n<p><span style=\"font-weight: 400\">\u201cLa gara \u00e8 andata bene, temperatura giusta per me che sono freddolosa &#8211; dice Asia <em><strong>(prima da sinistra nella foto<\/strong><\/em>) -. Ho sofferto un po\u2019 all\u2019inizio poi bene a salire, mentre ho fatto un po\u2019 di fatica a scendere, probabilmente anche perch\u00e9 sono leggera e mi tocca spingere. Questa \u00e8 una gara che mi piace e volevo fare bene. Ho perso Nicole dall\u2019inizio e mi sono straccata, sono andata un po\u2019 in recupero in salita e poi ho proseguito col mio ritmo\u201d.<\/span><\/p>\n<p><strong>COMUNICATO STAMPA ORGANIZZAZIONE<\/strong><\/p>\n<p style=\"font-weight: 400\">Ferrari, un cognome che \u00e8 un programma. \u00c8 Francesco Ferrari, modenese ormai trentino, il vincitore della 45.a edizione della Granfondo Dobbiaco-Cortina in stile classico, primo per un pelo al photofinish in un\u2019autentica sfida in famiglia con Lorenzo Busin, entrambi del Team Internorm Trentino. Al femminile \u00e8 una danza in solitaria per Nicole Donzallaz, in testa tutta sola dall\u2019inizio alla fine.<\/p>\n<p style=\"font-weight: 400\">Una giornata davvero da incorniciare quella di oggi: sole, cielo azzurro, pista inappuntabile, panorami mozzafiato ed un nugolo di fondisti nella 40 km decollata dall\u2019aeroporto di Dobbiaco ed \u201catterrata\u201d al centro fondo di Fiames, alle porte di Cortina.<\/p>\n<p style=\"font-weight: 400\">Partenza d\u2019effetto nella piana dell\u2019aeroporto, poi un lungo serpentone si \u00e8 allungato verso San Candido. In testa i pi\u00f9 forti hanno cominciato a fare subito selezione e al rientro a Dobbiaco, dopo circa 8 km, davanti c\u2019era un gruppo con una quindicina di atleti. Nell\u2019attraversamento del centro c\u2019erano Bompard, K\u00f6hl, il biathleta svizzero Klee, Petterson, Ferrari e Busin molto attivi per tenere il ritmo alto e scongiurare rientri pericolosi. Poco dopo Busin metteva la freccia e il primo passaggio alla Nordic Arena era il suo.<\/p>\n<p style=\"font-weight: 400\">Dopo il transito al cimitero di guerra erano una dozzina a \u201ccomandare\u201d la gara e in testa si facevano largo Amhof (Team Futura Alta Quota) davanti a tutti, Ferrari, Busin, Stefano Mich, Petterson, ed in coda anche Klee.<\/p>\n<p style=\"font-weight: 400\">Bompard e Schwingshackl del Team Robinson Trentino hanno tentato di ricucire il gap formando cos\u00ec un primo gruppo inseguitore assieme a Dal Magro, Bosin e il tedesco Alraun. Dopodich\u00e9 al passaggio sulle rive del Lago di Landro (al km 23) \u00e8 transitato per primo Dal Magro, capofila del primo gruppo composto da una decina di atleti. Il cambio di ritmo \u00e8 avvenuto nei pressi di Cimabanche, quando la coppia Busin-Ferrari ha imposto un forcing da paura in cima alla salita di Valfonda. Dietro non c\u2019\u00e8 stato nulla da fare e i due hanno collaborato dandosi cambi regolari sulla lunga discesa che portava all\u2019arrivo a Fiames. Spediti come dei treni in un battibaleno erano all\u2019arrivo ma nessun accordo, lotta col coltello tra i denti, poi negli ultimi metri il bellunese Busin si \u00e8 arreso e Ferrari per un solo decimo ha vinto davanti al compagno di colori. Altro sprint anche per il terzo posto e a spuntarla \u00e8 stato lo svizzero Klee per 3\/10 su Stefano Mich e 2\u201d su Amhof.<\/p>\n<p style=\"font-weight: 400\">Nel mentre le classifiche si rinvigorivano con i continui arrivi soprattutto di tanti stranieri, Nicole Donzallaz conclude, stanca ma soddisfatta, 60.a assoluta e ovviamente prima delle donne. Alle sue spalle la friulana Asia Patini davanti alla svedese Lina Fransson, che nel finale ha acciuffato e superato Marta Gentile.<\/p>\n<p style=\"font-weight: 400\">Insomma una prima giornata davvero positiva per il comitato organizzatore guidato dal presidente Herbert Santer e dal \u201cvice\u201d Igor Gombac. \u201cLa manifestazione \u00e8 andata bene anche grazie al tempo &#8211; sottolinea Santer &#8211; ringrazio i collaboratori che fanno sempre un grande lavoro. Un grazie anche al Comune, alla Provincia e al nostro sponsor Itas Assicurazioni che \u00e8 sempre presente. Nelle due giornate sono stati coinvolti pi\u00f9 di 300 volontari, senza di loro la granfondo non esisterebbe. Dobbiamo continuare cos\u00ec e arrivare alla 100.a edizione!\u201d<\/p>\n<p style=\"font-weight: 400\">Domani si replica con la prova in tecnica libera, 30 km sullo stesso percorso di oggi, ma senza il primo tratto che allunga fino a San Candido e qualche altra piccola variante. Sono annunciati anche alcuni atleti della nazionale italiana non impegnati a Pechino, sar\u00e0 un confronto serrato con gli specialisti delle lunghe distanze.<\/p>\n<p style=\"font-weight: 400\"><strong>40 km TC &#8211; maschile<\/strong><\/p>\n<p style=\"font-weight: 400\">1 Ferrari Francesco Sottozero Asd 01:39:58; 2 Busin Lorenzo Sottozero Asd 01:39:58; 3 Klee Beda Sc Speer Ebnat-Kappel 01:40:30; 4 Mich Stefano Team Futura \u2013 Asd White Fox 01:40:30; 5 Amhof Manuel Team Futura \u2013 Asd White Fox 01:40:32; 6 Dal Magro Stefano Team Robinson Trentino 01:42:03; 7 Bosin Emanuele Team Futura \u2013 Asd White Fox 01:42:32; 8 Schwingshackl Matthias Team Robinson Trentino 01:42:34; 9 Pettersson Oscar 01:42:39; 10 Kaiv Taavi Sporttravel 01:44:02.<\/p>\n<p style=\"font-weight: 400\"><strong>40 km TC \u2013 femminile<\/strong><\/p>\n<p style=\"font-weight: 400\">1 Nicole Donzallaz 02:02:25; 2 Patini Asia Team Robinson Trentino 02:04:21; 3 Fransson Lina 02:06:43; 4 Gentile Marta Team Robinson Trentino 02:07:56; 5 Johansson Angela\u00a0 02:14:23; 6 Eriksson Maja Sottozero Asd 02:15:38; 7 Nordbotten \u00c5shild Troms\u00f8studentenes Idrettslag 02:16:42; 8 Grynkiewicz Jadniga\u00a0 02:17:22; 9 Harivel L\u00e9onie\u00a0 02:18:18; 10 Benzoni Laura Sci Club 13 Clusone 02:19:08.<\/p>\n<p>&nbsp;<\/p>\n","protected":false},"excerpt":{"rendered":"<p>La fondista di Forni di Sopra \u00e8 stata preceduta solo da Nicole Donzallaz<\/p>\n","protected":false},"author":4,"featured_media":85579,"comment_status":"closed","ping_status":"closed","sticky":false,"template":"","format":"standard","meta":{"_acf_changed":false,"footnotes":""},"categories":[11],"tags":[],"acf":[],"_links":{"self":[{"href":"https:\/\/comitati.fisi.org\/friuli-venezia-giulia\/wp-json\/wp\/v2\/posts\/85578"}],"collection":[{"href":"https:\/\/comitati.fisi.org\/friuli-venezia-giulia\/wp-json\/wp\/v2\/posts"}],"about":[{"href":"https:\/\/comitati.fisi.org\/friuli-venezia-giulia\/wp-json\/wp\/v2\/types\/post"}],"author":[{"embeddable":true,"href":"https:\/\/comitati.fisi.org\/friuli-venezia-giulia\/wp-json\/wp\/v2\/users\/4"}],"replies":[{"embeddable":true,"href":"https:\/\/comitati.fisi.org\/friuli-venezia-giulia\/wp-json\/wp\/v2\/comments?post=85578"}],"version-history":[{"count":0,"href":"https:\/\/comitati.fisi.org\/friuli-venezia-giulia\/wp-json\/wp\/v2\/posts\/85578\/revisions"}],"wp:featuredmedia":[{"embeddable":true,"href":"https:\/\/comitati.fisi.org\/friuli-venezia-giulia\/wp-json\/wp\/v2\/media\/85579"}],"wp:attachment":[{"href":"https:\/\/comitati.fisi.org\/friuli-venezia-giulia\/wp-json\/wp\/v2\/media?parent=85578"}],"wp:term":[{"taxonomy":"category","embeddable":true,"href":"https:\/\/comitati.fisi.org\/friuli-venezia-giulia\/wp-json\/wp\/v2\/categories?post=85578"},{"taxonomy":"post_tag","embeddable":true,"href":"https:\/\/comitati.fisi.org\/friuli-venezia-giulia\/wp-json\/wp\/v2\/tags?post=85578"}],"curies":[{"name":"wp","href":"https:\/\/api.w.org\/{rel}","templated":true}]}}