{"id":85507,"date":"2022-02-05T09:36:31","date_gmt":"2022-02-05T08:36:31","guid":{"rendered":"https:\/\/www.fisifvg.org\/?p=85507"},"modified":"2022-02-05T09:36:31","modified_gmt":"2022-02-05T08:36:31","slug":"martina-di-centa-36a-e-prima-delle-italiane-allesordio-olimpico","status":"publish","type":"post","link":"https:\/\/comitati.fisi.org\/friuli-venezia-giulia\/blog\/2022\/02\/05\/martina-di-centa-36a-e-prima-delle-italiane-allesordio-olimpico\/","title":{"rendered":"Martina Di Centa 36a e prima delle italiane all&#8217;esordio olimpico"},"content":{"rendered":"<p>Lo skiathlon femminile ha assegnato le prime medaglie delle Olimpiadi di Pechino 2022.<\/p>\n<p>L&#8217;occasione per l&#8217;esordio olimpico delle fondiste carniche <a href=\"https:\/\/www.fisifvg.org\/2021\/10\/18\/martina-di-centa\/\">Martina Di Centa<\/a> e <a href=\"https:\/\/www.fisifvg.org\/2022\/01\/24\/cristina-pittin\/\">Cristina Pittin<\/a>.<\/p>\n<p>Giornata molto fredda a Zhangjiakou e tracciato decisamente duro.<\/p>\n<p>Dopo i 7.5 km a tecnica classica le due ragazze carniche hanno cambiato sci e bastoncini assieme in 37a e 38a posizione.<\/p>\n<p>Al traguardo, dopo i 7.5 km a tecnica libera, Martina \u00e8 giunta 36a a 5&#8217;09&#8221;, risultando la migliore delle italiane, mentre Cristina si \u00e8 piazzata 41a a 5&#8217;34&#8221;.<\/p>\n<p>Le parole di Martina Di Centa<em>: \u201cStento un po\u2019 sempre all\u2019inizio nei primi km, poi man mano che la distanza cresce miglioro e anche oggi \u00e8 andata cos\u00ec, forse pi\u00f9 del solito e quindi sono molto felice. Mio pap\u00e0 mi ha detto di stare tranquilla, di fare il mio che qualcosa sarebbe venuto fuori ed effettivamente cos\u00ec \u00e8 stato. Per me \u00e8 stata un\u2019esperienza fantastica, ovvio che c\u2019\u00e8 da migliorare, ma \u00e8 andata al di l\u00e0 delle mie aspettative e sono felice di aver rappresentato l\u2019Italia in questa gara. Ora l\u2019individuale in tecnica classica\u201d.<\/em><\/p>\n<p>Ecco cosa ha dichiarato a fine gara Cristina Pittin: <em>\u201cUn esordio indimenticabile in tutti i sensi, purtroppo al cambio non son riuscita ad agganciare il bastoncino e ho fatto un giro cos\u00ec, poi nella fase di skating un\u2019atleta francese mi ha pestato il bastone che si \u00e8 sganciato definitivamente fin a che lo staff non \u00e8 riuscito a fornirmene un altro. Sicuramente un\u2019emozione grandissima partecipare alle Olimpiadi, poi la prima gara del fondo, quindi indimenticabile\u201d.<\/em><\/p>\n<p>Vittoria come da pronostico per la norvegese Therese Johaug, al primo oro olimpico; argento per la russa Natalia Neprayeva e bronzo per l&#8217;austriaca Teresa Stadlober, arrivate nell&#8217;ordine in volata a mezzo minuto.<\/p>\n<p><a href=\"http:\/\/live.fis-ski.com\/cc-2689\/results-pda.htm?t=1644048359\">CLASSIFICA<\/a><\/p>\n<p>&nbsp;<\/p>\n<p>&nbsp;<\/p>\n","protected":false},"excerpt":{"rendered":"<p>Oggi a Zhangjiakou sono state assegnate le prime medaglie in occasione dello skiathlon femminile di sci di fondo<\/p>\n","protected":false},"author":4,"featured_media":83595,"comment_status":"closed","ping_status":"closed","sticky":false,"template":"","format":"standard","meta":{"_acf_changed":false,"footnotes":""},"categories":[10,11],"tags":[],"acf":[],"_links":{"self":[{"href":"https:\/\/comitati.fisi.org\/friuli-venezia-giulia\/wp-json\/wp\/v2\/posts\/85507"}],"collection":[{"href":"https:\/\/comitati.fisi.org\/friuli-venezia-giulia\/wp-json\/wp\/v2\/posts"}],"about":[{"href":"https:\/\/comitati.fisi.org\/friuli-venezia-giulia\/wp-json\/wp\/v2\/types\/post"}],"author":[{"embeddable":true,"href":"https:\/\/comitati.fisi.org\/friuli-venezia-giulia\/wp-json\/wp\/v2\/users\/4"}],"replies":[{"embeddable":true,"href":"https:\/\/comitati.fisi.org\/friuli-venezia-giulia\/wp-json\/wp\/v2\/comments?post=85507"}],"version-history":[{"count":0,"href":"https:\/\/comitati.fisi.org\/friuli-venezia-giulia\/wp-json\/wp\/v2\/posts\/85507\/revisions"}],"wp:featuredmedia":[{"embeddable":true,"href":"https:\/\/comitati.fisi.org\/friuli-venezia-giulia\/wp-json\/wp\/v2\/media\/83595"}],"wp:attachment":[{"href":"https:\/\/comitati.fisi.org\/friuli-venezia-giulia\/wp-json\/wp\/v2\/media?parent=85507"}],"wp:term":[{"taxonomy":"category","embeddable":true,"href":"https:\/\/comitati.fisi.org\/friuli-venezia-giulia\/wp-json\/wp\/v2\/categories?post=85507"},{"taxonomy":"post_tag","embeddable":true,"href":"https:\/\/comitati.fisi.org\/friuli-venezia-giulia\/wp-json\/wp\/v2\/tags?post=85507"}],"curies":[{"name":"wp","href":"https:\/\/api.w.org\/{rel}","templated":true}]}}