{"id":85481,"date":"2022-02-04T18:02:48","date_gmt":"2022-02-04T17:02:48","guid":{"rendered":"https:\/\/www.fisifvg.org\/?p=85481"},"modified":"2022-02-04T18:02:48","modified_gmt":"2022-02-04T17:02:48","slug":"le-classifiche-della-prima-giornate-del-trofeo-biberon","status":"publish","type":"post","link":"https:\/\/comitati.fisi.org\/friuli-venezia-giulia\/blog\/2022\/02\/04\/le-classifiche-della-prima-giornate-del-trofeo-biberon\/","title":{"rendered":"Le classifiche della prima giornata del Trofeo Biberon"},"content":{"rendered":"<p>Lo slalom ha aperto ufficialmente la 38a edizione del Trofeo Biberon. Oggi sulla pista Cimacuta di Forni di Sopra, preparata come sempre in maniera impeccabile dallo staff tecnico e da PromoTurismoFVG, hanno gareggiato i Cuccioli in 2 manche e i Baby in un&#8217;unica run con i pali nani.<\/p>\n<p>Federica De Franceschi (ASD Cimenti Sci Carnia), Giorgio Zanardi (Sci club 18 di Cortina D&#8217;Ampezzo), Carolina Jakominic (Sci club 70) e il croato Luka Filipec nella categoria Baby 1 e 2 sono risultati i migliori mentre nei Cuccioli sul gradino pi\u00f9 alto del podio sono saliti Letizia Callea (Sci club 70), il polacco Mateusz Kalwa, la croata Kim Vrdoljak e Leonardo Zanitzer (Sci CAI Monte Lussari). Tra le Societ\u00e0 vittoria dello Sci club 70.<br \/>\nA premiare i giovani atleti \u00e8 stata la campionessa olimpica e consigliera federale Gabriella Paruzzi.<\/p>\n<p>Sabato 5 febbraio sar\u00e0 la giornata della classica gara di gigante per ci\u00f2 che concerne lo sci alpino mentre per il nordico, si svolger\u00e0 la gimkana cross sempre in zona Davost sui tracciati della Cimacuta. Nel pomeriggio, in piazza a Forni di Sopra, sul truck del Winter Tour \u201cIo sono Friuli Venezia Giulia\u201d di PromoTurismoFVG ci sar\u00e0 una breve cerimonia di saluto da parte delle istituzioni, organizzatori e rappresentanti della rete d&#8217;impresa locale.<br \/>\nTutte le gare dello sci alpino e premiazioni verranno trasmesse in diretta streaming sulla pagina facebook e sul sito internet dello Sci club 70.<\/p>\n<p>Tutte le informazioni relative all&#8217;evento sono disponibili su <a href=\"http:\/\/www.sciclub70.com\">www.sciclub70.com<\/a> e sui social media dello Sci club 70.<\/p>\n<p>Sotto le classifiche dello slalom e le start list del gigante di sabato.<\/p>\n<p><a href=\"http:\/\/comitati.fisi.org\/friuli-venezia-giulia\/wp-content\/uploads\/sites\/34\/2022\/02\/Classifica-ufficialeCUCCIOLI.pdf\">Classifica ufficiale CUCCIOLI<\/a><br \/>\n<a href=\"http:\/\/comitati.fisi.org\/friuli-venezia-giulia\/wp-content\/uploads\/sites\/34\/2022\/02\/Classifica-ufficialeBABY.pdf\">Classifica ufficiale BABY<\/a><br \/>\n<a href=\"http:\/\/comitati.fisi.org\/friuli-venezia-giulia\/wp-content\/uploads\/sites\/34\/2022\/02\/CLASSIFIC-SOC-COMB-CUC-BABY.pdf\">Classifica Societ\u00e0<\/a><br \/>\n<a href=\"http:\/\/comitati.fisi.org\/friuli-venezia-giulia\/wp-content\/uploads\/sites\/34\/2022\/02\/START-LIST-BABY-2.pdf\">Start list gigante Baby<\/a><br \/>\n<a href=\"http:\/\/comitati.fisi.org\/friuli-venezia-giulia\/wp-content\/uploads\/sites\/34\/2022\/02\/START-LIST-CUCCIOLI-2.pdf\">Start list gigante Cuccioli<\/a><\/p>\n<div id='gallery-1' class='gallery galleryid-85481 gallery-columns-1 gallery-size-medium'><dl class='gallery-item'>\n\t\t\t<dt class='gallery-icon portrait'>\n\t\t\t\t<a href='https:\/\/comitati.fisi.org\/friuli-venezia-giulia\/blog\/2022\/02\/04\/le-classifiche-della-prima-giornate-del-trofeo-biberon\/programma-gara-7\/'><img loading=\"lazy\" decoding=\"async\" width=\"200\" height=\"300\" src=\"https:\/\/comitati.fisi.org\/friuli-venezia-giulia\/wp-content\/uploads\/sites\/34\/2022\/02\/PROGRAMMA-GARA-200x300.jpeg\" class=\"attachment-medium size-medium\" alt=\"\" aria-describedby=\"gallery-1-85503\" srcset=\"https:\/\/comitati.fisi.org\/friuli-venezia-giulia\/wp-content\/uploads\/sites\/34\/2022\/02\/PROGRAMMA-GARA-200x300.jpeg 200w, https:\/\/comitati.fisi.org\/friuli-venezia-giulia\/wp-content\/uploads\/sites\/34\/2022\/02\/PROGRAMMA-GARA-682x1024.jpeg 682w, https:\/\/comitati.fisi.org\/friuli-venezia-giulia\/wp-content\/uploads\/sites\/34\/2022\/02\/PROGRAMMA-GARA-768x1153.jpeg 768w, https:\/\/comitati.fisi.org\/friuli-venezia-giulia\/wp-content\/uploads\/sites\/34\/2022\/02\/PROGRAMMA-GARA-1023x1536.jpeg 1023w, https:\/\/comitati.fisi.org\/friuli-venezia-giulia\/wp-content\/uploads\/sites\/34\/2022\/02\/PROGRAMMA-GARA.jpeg 1066w\" sizes=\"(max-width: 200px) 100vw, 200px\" \/><\/a>\n\t\t\t<\/dt>\n\t\t\t\t<dd class='wp-caption-text gallery-caption' id='gallery-1-85503'>\n\t\t\t\tPROGRAMMA GARA\n\t\t\t\t<\/dd><\/dl><dl class='gallery-item'>\n\t\t\t<dt class='gallery-icon portrait'>\n\t\t\t\t<a href='https:\/\/comitati.fisi.org\/friuli-venezia-giulia\/blog\/2022\/02\/04\/le-classifiche-della-prima-giornate-del-trofeo-biberon\/verbale-giuria-2\/'><img loading=\"lazy\" decoding=\"async\" width=\"195\" height=\"300\" src=\"https:\/\/comitati.fisi.org\/friuli-venezia-giulia\/wp-content\/uploads\/sites\/34\/2022\/02\/VERBALE-GIURIA-195x300.jpeg\" class=\"attachment-medium size-medium\" alt=\"\" aria-describedby=\"gallery-1-85502\" srcset=\"https:\/\/comitati.fisi.org\/friuli-venezia-giulia\/wp-content\/uploads\/sites\/34\/2022\/02\/VERBALE-GIURIA-195x300.jpeg 195w, https:\/\/comitati.fisi.org\/friuli-venezia-giulia\/wp-content\/uploads\/sites\/34\/2022\/02\/VERBALE-GIURIA-666x1024.jpeg 666w, https:\/\/comitati.fisi.org\/friuli-venezia-giulia\/wp-content\/uploads\/sites\/34\/2022\/02\/VERBALE-GIURIA-768x1180.jpeg 768w, https:\/\/comitati.fisi.org\/friuli-venezia-giulia\/wp-content\/uploads\/sites\/34\/2022\/02\/VERBALE-GIURIA-999x1536.jpeg 999w, https:\/\/comitati.fisi.org\/friuli-venezia-giulia\/wp-content\/uploads\/sites\/34\/2022\/02\/VERBALE-GIURIA.jpeg 1041w\" sizes=\"(max-width: 195px) 100vw, 195px\" \/><\/a>\n\t\t\t<\/dt>\n\t\t\t\t<dd class='wp-caption-text gallery-caption' id='gallery-1-85502'>\n\t\t\t\tVERBALE RIUNIONE DI GIURIA\n\t\t\t\t<\/dd><\/dl>\n\t\t<\/div>\n\n","protected":false},"excerpt":{"rendered":"<p>Partita a Forni di Sopra la manifestazione organizzata dallo Sci Club 70<\/p>\n","protected":false},"author":4,"featured_media":85487,"comment_status":"closed","ping_status":"closed","sticky":false,"template":"","format":"standard","meta":{"_acf_changed":false,"footnotes":""},"categories":[10,15],"tags":[],"acf":[],"_links":{"self":[{"href":"https:\/\/comitati.fisi.org\/friuli-venezia-giulia\/wp-json\/wp\/v2\/posts\/85481"}],"collection":[{"href":"https:\/\/comitati.fisi.org\/friuli-venezia-giulia\/wp-json\/wp\/v2\/posts"}],"about":[{"href":"https:\/\/comitati.fisi.org\/friuli-venezia-giulia\/wp-json\/wp\/v2\/types\/post"}],"author":[{"embeddable":true,"href":"https:\/\/comitati.fisi.org\/friuli-venezia-giulia\/wp-json\/wp\/v2\/users\/4"}],"replies":[{"embeddable":true,"href":"https:\/\/comitati.fisi.org\/friuli-venezia-giulia\/wp-json\/wp\/v2\/comments?post=85481"}],"version-history":[{"count":0,"href":"https:\/\/comitati.fisi.org\/friuli-venezia-giulia\/wp-json\/wp\/v2\/posts\/85481\/revisions"}],"wp:featuredmedia":[{"embeddable":true,"href":"https:\/\/comitati.fisi.org\/friuli-venezia-giulia\/wp-json\/wp\/v2\/media\/85487"}],"wp:attachment":[{"href":"https:\/\/comitati.fisi.org\/friuli-venezia-giulia\/wp-json\/wp\/v2\/media?parent=85481"}],"wp:term":[{"taxonomy":"category","embeddable":true,"href":"https:\/\/comitati.fisi.org\/friuli-venezia-giulia\/wp-json\/wp\/v2\/categories?post=85481"},{"taxonomy":"post_tag","embeddable":true,"href":"https:\/\/comitati.fisi.org\/friuli-venezia-giulia\/wp-json\/wp\/v2\/tags?post=85481"}],"curies":[{"name":"wp","href":"https:\/\/api.w.org\/{rel}","templated":true}]}}