{"id":85439,"date":"2022-02-03T18:18:40","date_gmt":"2022-02-03T17:18:40","guid":{"rendered":"https:\/\/www.fisifvg.org\/?p=85439"},"modified":"2022-02-03T18:18:40","modified_gmt":"2022-02-03T17:18:40","slug":"le-start-list-dello-slalom-inaugurale-del-38-trofeo-biberon-a-forni-di-sopra","status":"publish","type":"post","link":"https:\/\/comitati.fisi.org\/friuli-venezia-giulia\/blog\/2022\/02\/03\/le-start-list-dello-slalom-inaugurale-del-38-trofeo-biberon-a-forni-di-sopra\/","title":{"rendered":"Le start list dello slalom inaugurale del 38\u00b0 Trofeo Biberon a Forni di Sopra"},"content":{"rendered":"<div>\n<p>E&#8217; tutto pronto a Forni di Sopra per la trentottesima edizione (diciassettesima internazionale) del Trofeo Biberon. Nel primo fine settimana di febbraio (4-6) sono attesi atleti provenienti da Italia, Bosnia, Croazia, Slovenia e anche dalla Polonia.<\/p>\n<p>Sar\u00e0 un weekend ricco di gare dedicate come sempre ai PULCINI (categorie Superbaby 2014-15, Baby 2012-13 e Cuccioli 2010-11) che si cimenteranno lungo i tracciati della \u201cCimacuta\u201d. Si parte domani, venerd\u00ec 4 febbraio con lo slalom. Alle 10 inizier\u00e0 la gara Cuccioli, alle 11.30 quella dei Baby.<\/p>\n<p>Tutte le gare dello sci alpino e premiazioni verranno trasmesse in diretta streaming sulla pagina facebook e sul sito internet dello Sci club 70<em>.<\/em><\/p>\n<\/div>\n<p>Il Trofeo Biberon 2022 sar\u00e0 anche la prima tappa nazionale del circuito Energia Pura Kids Series (Cuccioli) e uno degli appuntamenti del Winter Tour di PromoTurismoFVG con il motorhome \u201cIo sono Friuli Venezia Giulia\u201d sul quale si terranno alcune cerimonie di benvenuto, coinvolgendo il territorio per la promozione dell&#8217;enogastronomia locale e il merchandising del marchio \u201cIo sono Friuli Venezia Giulia\u201d.<\/p>\n<p>Il Trofeo BIBERON che ha ricevuto il patrocinio della Regione Autonoma Friuli Venezia Giulia e del Comune di Forni di Sopra, \u00e9 organizzato in collaborazione con il CONI e la Federazione italiana sport invernali e con il sostegno di PromoTurismoFVG e il supporto di prestigiosi partners.<\/p>\n<p>L&#8217;evento si svolger\u00e0 secondo i protocolli FISI e le direttive governative e regionali legate al covid- 19.<\/p>\n<p>Tutte le informazioni relative all&#8217;evento sono disponibili su\u00a0<u><a href=\"https:\/\/www.sciclub70.com\/\" target=\"_blank\" rel=\"noopener\">www.sciclub70.com<\/a><\/u> e sui social media dello Sci club 70, ricordando che le iscrizioni devono essere fatte utilizzando esclusivamente il sistema FISIonline. Per ci\u00f2 che concerne le gare di sci nordico la scadenza \u00e8 fissata per venerd\u00ec 4 febbraio entro le ore 14:00.<\/p>\n<p><a href=\"http:\/\/comitati.fisi.org\/friuli-venezia-giulia\/wp-content\/uploads\/sites\/34\/2022\/02\/START-LIST-CUCCIOLI-1.pdf\">START LIST CUCCIOLI<\/a><br \/>\n<a href=\"http:\/\/comitati.fisi.org\/friuli-venezia-giulia\/wp-content\/uploads\/sites\/34\/2022\/02\/START-LIST-BABY-1.pdf\">START LIST BABY<\/a><br \/>\n<a href=\"http:\/\/comitati.fisi.org\/friuli-venezia-giulia\/wp-content\/uploads\/sites\/34\/2022\/02\/PROGRAMMA-SLALOM.pdf\">PROGRAMMA SLALOM<\/a><br \/>\n<a href=\"http:\/\/comitati.fisi.org\/friuli-venezia-giulia\/wp-content\/uploads\/sites\/34\/2022\/02\/VERBALE-RIUNIONE-DI-GIURIA.pdf\">VERBALE RIUNIONE DI GIURIA<\/a><\/p>\n","protected":false},"excerpt":{"rendered":"<p>La manifestazione si svolger\u00e0 sulla pista Cimacuta<\/p>\n","protected":false},"author":4,"featured_media":74678,"comment_status":"closed","ping_status":"closed","sticky":false,"template":"","format":"standard","meta":{"_acf_changed":false,"footnotes":""},"categories":[10,15],"tags":[],"acf":[],"_links":{"self":[{"href":"https:\/\/comitati.fisi.org\/friuli-venezia-giulia\/wp-json\/wp\/v2\/posts\/85439"}],"collection":[{"href":"https:\/\/comitati.fisi.org\/friuli-venezia-giulia\/wp-json\/wp\/v2\/posts"}],"about":[{"href":"https:\/\/comitati.fisi.org\/friuli-venezia-giulia\/wp-json\/wp\/v2\/types\/post"}],"author":[{"embeddable":true,"href":"https:\/\/comitati.fisi.org\/friuli-venezia-giulia\/wp-json\/wp\/v2\/users\/4"}],"replies":[{"embeddable":true,"href":"https:\/\/comitati.fisi.org\/friuli-venezia-giulia\/wp-json\/wp\/v2\/comments?post=85439"}],"version-history":[{"count":0,"href":"https:\/\/comitati.fisi.org\/friuli-venezia-giulia\/wp-json\/wp\/v2\/posts\/85439\/revisions"}],"wp:featuredmedia":[{"embeddable":true,"href":"https:\/\/comitati.fisi.org\/friuli-venezia-giulia\/wp-json\/wp\/v2\/media\/74678"}],"wp:attachment":[{"href":"https:\/\/comitati.fisi.org\/friuli-venezia-giulia\/wp-json\/wp\/v2\/media?parent=85439"}],"wp:term":[{"taxonomy":"category","embeddable":true,"href":"https:\/\/comitati.fisi.org\/friuli-venezia-giulia\/wp-json\/wp\/v2\/categories?post=85439"},{"taxonomy":"post_tag","embeddable":true,"href":"https:\/\/comitati.fisi.org\/friuli-venezia-giulia\/wp-json\/wp\/v2\/tags?post=85439"}],"curies":[{"name":"wp","href":"https:\/\/api.w.org\/{rel}","templated":true}]}}