{"id":85413,"date":"2022-02-01T16:33:12","date_gmt":"2022-02-01T15:33:12","guid":{"rendered":"https:\/\/www.fisifvg.org\/?p=85413"},"modified":"2022-02-01T16:33:12","modified_gmt":"2022-02-01T15:33:12","slug":"protocolli-fisi-covid-applicazione-e-controlli","status":"publish","type":"post","link":"https:\/\/comitati.fisi.org\/friuli-venezia-giulia\/blog\/2022\/02\/01\/protocolli-fisi-covid-applicazione-e-controlli\/","title":{"rendered":"Protocolli FISI Covid: applicazione e controlli"},"content":{"rendered":"<p><strong>Proponiamo un&#8217;importante comunicazione da parte della FISI.<\/strong><\/p>\n<p class=\"x_MsoNormal\">Si ricorda la necessit\u00e0 del rispetto e dell&#8217;applicazione dei protocolli federali in relazione all&#8217;organizzazione e alla partecipazione alle competizioni dei diversi livelli.<\/p>\n<p class=\"x_MsoNormal\">Fatte salve le specifiche disposizioni governative in materia di certificazione verde Covid-19 che definiscono l\u2019accesso agli impianti sciistici con relativa applicazione anche per le manifestazioni di carattere agonistico, si sottolinea che la partecipazione a tutte le restanti discipline FISI \u00e8 sempre confermata con il possesso di certificazione verde Covid-19 ottenibile attraverso vaccinazione, guarigione e tampone antigenico rapido o molecolare negativo per il relativo periodo di validit\u00e0.<\/p>\n<p class=\"x_MsoNormal\">Ne consegue che non deve essere previsto, per manifestazioni dello sci di fondo, biathlon o sci alpinismo, l&#8217;obbligo del cosiddetto green pass &#8220;rafforzato&#8221; ottenibile solo da guarigione o vaccinazione; allo stesso modo la certificazione base \u00e8 confermata per tutte le attivit\u00e0 di allenamento per le stesse discipline portate a titolo di esempio.<\/p>\n<p class=\"x_MsoNormal\">Per la partecipazione ad attivit\u00e0 di Comitato che comprendano sistemazione alberghiera e\/o utilizzo di ristori, dove la certificazione verde rafforzata \u00e8 obbligatoria, dovrete procedere ad informare gli interessati non in possesso di tale certificazione affinch\u00e9 prevedano l\u2019organizzazione in autonomia di queste attivit\u00e0, fermo restando che l&#8217;atleta rimane convocato a tutti gli effetti per gli allenamenti e le competizioni.<\/p>\n<p class=\"x_MsoNormal\">Non pu\u00f2 essere previsto l&#8217;obbligo di depositare presso la segreteria di Comitato copia della certificazione verde Covid-19 ma la stessa deve essere verificata esclusivamente attraverso l&#8217;applicazione &#8220;Verifica C19&#8221;, in occasione dell&#8217;arrivo sul campo di allenamento da parte della persona incaricata dal Comitato alla verifica.<\/p>\n<p class=\"x_MsoNormal\">Come indicato nel protocollo gare FISI, il controllo del possesso delle certificazioni \u00e8 di competenza della societ\u00e0 organizzatrice che definir\u00e0 nello specifico il programma di gara nei modi e nei tempi per effettuarlo; la Giuria di gara \u00e8 tenuta a dare il buon esempio osservando i comportamenti da seguire per evitare il contagio (<i>corretto utilizzo di mascherina e distanziamento<\/i>) ed \u00e8 deputata al controllo che quanto indicato nei protocolli sia attuato da parte della societ\u00e0 organizzatrice, segnalando eventuali mancanze alla Federazione; si sottolinea che essa non ha titolo per sostituirsi ai controlli o per intervenire con decisioni sanzionatorie in materia di protocolli Covid-19.<\/p>\n<p class=\"x_MsoNormal\">Eventuali ed ulteriori disposizioni restano di esclusiva competenza della Federazione, valutate le condizioni legate all&#8217;emergenza sanitaria e sentita la Commissione Medica Federale.<\/p>\n<p>&nbsp;<\/p>\n","protected":false},"excerpt":{"rendered":"<p>Si ricorda la necessit\u00e0 del rispetto e dell&#8217;applicazione dei protocolli federali in relazione all&#8217;organizzazione e alla partecipazione alle competizioni dei diversi livelli<\/p>\n","protected":false},"author":4,"featured_media":69662,"comment_status":"closed","ping_status":"closed","sticky":false,"template":"","format":"standard","meta":{"_acf_changed":false,"footnotes":""},"categories":[21,10,17],"tags":[],"acf":[],"_links":{"self":[{"href":"https:\/\/comitati.fisi.org\/friuli-venezia-giulia\/wp-json\/wp\/v2\/posts\/85413"}],"collection":[{"href":"https:\/\/comitati.fisi.org\/friuli-venezia-giulia\/wp-json\/wp\/v2\/posts"}],"about":[{"href":"https:\/\/comitati.fisi.org\/friuli-venezia-giulia\/wp-json\/wp\/v2\/types\/post"}],"author":[{"embeddable":true,"href":"https:\/\/comitati.fisi.org\/friuli-venezia-giulia\/wp-json\/wp\/v2\/users\/4"}],"replies":[{"embeddable":true,"href":"https:\/\/comitati.fisi.org\/friuli-venezia-giulia\/wp-json\/wp\/v2\/comments?post=85413"}],"version-history":[{"count":0,"href":"https:\/\/comitati.fisi.org\/friuli-venezia-giulia\/wp-json\/wp\/v2\/posts\/85413\/revisions"}],"wp:featuredmedia":[{"embeddable":true,"href":"https:\/\/comitati.fisi.org\/friuli-venezia-giulia\/wp-json\/wp\/v2\/media\/69662"}],"wp:attachment":[{"href":"https:\/\/comitati.fisi.org\/friuli-venezia-giulia\/wp-json\/wp\/v2\/media?parent=85413"}],"wp:term":[{"taxonomy":"category","embeddable":true,"href":"https:\/\/comitati.fisi.org\/friuli-venezia-giulia\/wp-json\/wp\/v2\/categories?post=85413"},{"taxonomy":"post_tag","embeddable":true,"href":"https:\/\/comitati.fisi.org\/friuli-venezia-giulia\/wp-json\/wp\/v2\/tags?post=85413"}],"curies":[{"name":"wp","href":"https:\/\/api.w.org\/{rel}","templated":true}]}}