{"id":85395,"date":"2022-01-31T18:22:59","date_gmt":"2022-01-31T17:22:59","guid":{"rendered":"https:\/\/www.fisifvg.org\/?p=85395"},"modified":"2022-01-31T18:22:59","modified_gmt":"2022-01-31T17:22:59","slug":"mara-martini-al-via-della-tappa-italiana-della-coppa-del-mondo-di-ski-alp","status":"publish","type":"post","link":"https:\/\/comitati.fisi.org\/friuli-venezia-giulia\/blog\/2022\/01\/31\/mara-martini-al-via-della-tappa-italiana-della-coppa-del-mondo-di-ski-alp\/","title":{"rendered":"Mara Martini al via della tappa italiana della Coppa del Mondo di ski alp"},"content":{"rendered":"<p>Secondo weekend consecutivo con la Coppa del mondo di sci alpinismo che, dopo la tappa elvetica di Morgins, si sposta sulle montagne italiane di Albosaggia (So), nelle giornate di gioved\u00ec 3 e sabato 5 febbraio. Il direttore tecnico Stefano Bendetti potr\u00e0 contare su tutti i pi\u00f9 importanti rappresentanti azzurri della disciplina, per un team composto da Robert Antonioli, Matteo Eydallin, Michele Boscacci, Nadir Maguet, William Boffelli, Nicol\u00f2 Canclini, Alex Oberbacher, Andrea Prandi, Federico Nicolini, Davide Magnini, Damiano Lenzi, Alba De Silvestro, Giulia Compagnoni, Mara Martini (<strong>Bachmann, <em>nella foto<\/em><\/strong>), Giulia Murada, Ilaria Veronese, Giovanni Rossi, Matteo Sostizzo, Samantha Bertolina, Pietro Festini Purlan, Rocco Baldini, Luca Tomasoni, Alessandro Rossi, Marco Salvadori, Silvia Berra, Elena Nicolini, Erika Sanelli, Katia Mascherona, Moreschini Lisa, Manuela Pedrana, Gabriele Bardea, Sebastian Guichardaz ed Elena Nicolini.<\/p>\n<p>Il programma completo:<br \/>\nGio. 03\/02 \u2013 Coppa del mondo \u2013 Individuale maschile e femminile Caspoggio (Ita) \u2013 ore 09.45<br \/>\nSab. 05\/02 \u2013 Coppa del mondo \u2013 Sprint maschile e femminile Caspoggio (Ita) \u2013 ore 12.45<\/p>\n","protected":false},"excerpt":{"rendered":"<p>Gioved\u00ec 3 a sabato 5 appuntamento a Albosaggia<\/p>\n","protected":false},"author":4,"featured_media":78354,"comment_status":"closed","ping_status":"closed","sticky":false,"template":"","format":"standard","meta":{"_acf_changed":false,"footnotes":""},"categories":[10,19],"tags":[],"acf":[],"_links":{"self":[{"href":"https:\/\/comitati.fisi.org\/friuli-venezia-giulia\/wp-json\/wp\/v2\/posts\/85395"}],"collection":[{"href":"https:\/\/comitati.fisi.org\/friuli-venezia-giulia\/wp-json\/wp\/v2\/posts"}],"about":[{"href":"https:\/\/comitati.fisi.org\/friuli-venezia-giulia\/wp-json\/wp\/v2\/types\/post"}],"author":[{"embeddable":true,"href":"https:\/\/comitati.fisi.org\/friuli-venezia-giulia\/wp-json\/wp\/v2\/users\/4"}],"replies":[{"embeddable":true,"href":"https:\/\/comitati.fisi.org\/friuli-venezia-giulia\/wp-json\/wp\/v2\/comments?post=85395"}],"version-history":[{"count":0,"href":"https:\/\/comitati.fisi.org\/friuli-venezia-giulia\/wp-json\/wp\/v2\/posts\/85395\/revisions"}],"wp:featuredmedia":[{"embeddable":true,"href":"https:\/\/comitati.fisi.org\/friuli-venezia-giulia\/wp-json\/wp\/v2\/media\/78354"}],"wp:attachment":[{"href":"https:\/\/comitati.fisi.org\/friuli-venezia-giulia\/wp-json\/wp\/v2\/media?parent=85395"}],"wp:term":[{"taxonomy":"category","embeddable":true,"href":"https:\/\/comitati.fisi.org\/friuli-venezia-giulia\/wp-json\/wp\/v2\/categories?post=85395"},{"taxonomy":"post_tag","embeddable":true,"href":"https:\/\/comitati.fisi.org\/friuli-venezia-giulia\/wp-json\/wp\/v2\/tags?post=85395"}],"curies":[{"name":"wp","href":"https:\/\/api.w.org\/{rel}","templated":true}]}}