{"id":85156,"date":"2022-01-27T15:41:49","date_gmt":"2022-01-27T14:41:49","guid":{"rendered":"https:\/\/www.fisifvg.org\/?p=85156"},"modified":"2022-01-27T15:41:49","modified_gmt":"2022-01-27T14:41:49","slug":"gli-assessori-regionali-bini-e-gibelli-incontrano-gli-azzurri-sullo-zoncolan","status":"publish","type":"post","link":"https:\/\/comitati.fisi.org\/friuli-venezia-giulia\/blog\/2022\/01\/27\/gli-assessori-regionali-bini-e-gibelli-incontrano-gli-azzurri-sullo-zoncolan\/","title":{"rendered":"Gli assessori regionali Bini e Gibelli incontrano gli azzurri sullo Zoncolan"},"content":{"rendered":"<p><em><strong>Proponiamo il comunicato dell&#8217;Ufficio Stampa della Regione FVG.<\/strong><\/em><\/p>\n<p>&#8220;Il Friuli Venezia Giulia \u00e8 orgoglioso di essere stato scelto per gli allenamenti della nazionale di sci alpino in vista delle Olimpiadi di Pechino. La presenza di atleti di tale livello sulle piste dello Zoncolan conferma la validit\u00e0 degli investimenti compiuti dalle Regione e l&#8217;attrattivit\u00e0 delle nostre montagne, che si stanno rivelando ottimali per la preparazione degli azzurri&#8221;.<br \/>\n\u00c8 questo il messaggio lanciato dagli assessori regionali alle Attivit\u00e0 produttive e turismo Sergio Emidio Bini e a Culture e Sport Tiziana Gibelli, che questa mattina hanno visitato il polo sciistico friulano e incontrato gli azzurri dello sci alpino Riccardo Tonetti, gigantista proveniente dal Trentino Alto Adige, e la slalomista tarvisiana Lara Della Mea, assieme ai tecnici Giancarlo Bergamelli e Walter Girardi. Gli atleti hanno confermato il proprio apprezzamento per la qualit\u00e0 delle piste dello Zoncolan e per l&#8217;accoglienza dimostrata loro da parte della comunit\u00e0 del Friuli Venezia Giulia e da PromoturismoFVG.<br \/>\nGli assessori hanno quindi auspicato che &#8220;la presenza degli azzurri in Friuli Venezia Giulia sia di buon auspicio per le sfide che li attendono tra pochi giorni in Cina&#8221; e rivolto un in bocca al lupo particolare alla &#8220;nostra&#8221; Lara della Mea.<br \/>\nIncontrando i sindaci di Sutrio e Ravascletto e i rappresentanti della locale Comunit\u00e0 montana, Bini e Gibelli, assieme ai vertici di PromoturismoFVG e al vicepresidente del Consiglio regionale Stefano Mazzolini hanno quindi fatto il punto della situazione degli impianti e confermato la volont\u00e0 della Regione di continuare a investire sulla montagna friulana.<\/p>\n<div class=\"x-video player\" data-x-element-mejs><div class=\"x-video-inner\"><video class=\"x-mejs x-wp-video-shortcode advanced-controls\" id=\"video-85156-1\" width=\"720\" height=\"406\" preload=\"metadata\" controls=\"controls\"><source type=\"video\/mp4\" src=\"http:\/\/comitati.fisi.org\/friuli-venezia-giulia\/wp-content\/uploads\/sites\/34\/2022\/01\/164329425890601-27-BINI-GIBELLI-ATLETI-FVG-SCI-ALPINO-ZONCOLAN-logo.flv.mp4?_=1\" \/><\/video><\/div><\/div>\n<p>L&#8217;assessore Bini ha ribadito che &#8220;lo Zoncolan si conferma la meta preferita dello sci alpino in Friuli Venezia Giulia: \u00e8 stato il primo, dei sei poli montani gestiti da PromoTurismoFVG, a superare il milione di passaggi, il 23 gennaio, e ieri ha raggiunto anche i 100mila primi ingressi. La nuova seggiovia Giro d&#8217;Italia, recentemente inaugurata, consente una gestione ottimale dei flussi, alleggerendo cos\u00ec le seggiovie Valvan e Cuel d&#8217;Ajar: le code agli impianti, nonostante gli afflussi nei festivi superino con regolarit\u00e0 i 4.000 primi ingressi quotidiani, non si sono mai verificate&#8221;.<br \/>\nL&#8217;assessore alle Attivit\u00e0 produttive e Turismo ha quindi sottolineato che &#8220;la preparazione delle piste sullo Zoncolan ha registrato un ulteriore salto di qualit\u00e0 grazie all&#8217;investimento da oltre due milioni di euro che ha consentito l&#8217;acquisto dei nuovi mezzi battipista e l&#8217;aggiornamento dell&#8217;impianto di innevamento. Inoltre le varianti alle piste 3 e 4 sono molto apprezzate dall&#8217;utenza&#8221;.<br \/>\nBini e Gibelli hanno poi elogiato il lavoro svolto dalle scuole sci presenti sul territorio, &#8220;che \u00e8 costante e di qualit\u00e0 e la risposta da parte degli utenti \u00e8 decisamente positiva&#8221;. Inoltre hanno anche sottolineato che &#8220;molte squadre nazionali scelgono lo Zoncolan come sede di allenamenti importanti, selezionando alcune piste con caratteristiche tecniche simili ai tracciati pi\u00f9 difficili del circo bianco. Un valore aggiunto di tutto rispetto per la nostra regione&#8221;.<\/p>\n<div id='gallery-1' class='gallery galleryid-85156 gallery-columns-2 gallery-size-thumbnail'><dl class='gallery-item'>\n\t\t\t<dt class='gallery-icon landscape'>\n\t\t\t\t<a href='https:\/\/comitati.fisi.org\/friuli-venezia-giulia\/blog\/2022\/01\/27\/gli-assessori-regionali-bini-e-gibelli-incontrano-gli-azzurri-sullo-zoncolan\/mail17tx001702\/'><img loading=\"lazy\" decoding=\"async\" width=\"150\" height=\"150\" src=\"https:\/\/comitati.fisi.org\/friuli-venezia-giulia\/wp-content\/uploads\/sites\/34\/2022\/01\/Mail17Tx001702-150x150.jpg\" class=\"attachment-thumbnail size-thumbnail\" alt=\"\" \/><\/a>\n\t\t\t<\/dt><\/dl><dl class='gallery-item'>\n\t\t\t<dt class='gallery-icon landscape'>\n\t\t\t\t<a href='https:\/\/comitati.fisi.org\/friuli-venezia-giulia\/blog\/2022\/01\/27\/gli-assessori-regionali-bini-e-gibelli-incontrano-gli-azzurri-sullo-zoncolan\/mail17tx001701\/'><img loading=\"lazy\" decoding=\"async\" width=\"150\" height=\"150\" src=\"https:\/\/comitati.fisi.org\/friuli-venezia-giulia\/wp-content\/uploads\/sites\/34\/2022\/01\/Mail17Tx001701-150x150.jpg\" class=\"attachment-thumbnail size-thumbnail\" alt=\"\" \/><\/a>\n\t\t\t<\/dt><\/dl><dl class='gallery-item'>\n\t\t\t<dt class='gallery-icon landscape'>\n\t\t\t\t<a href='https:\/\/comitati.fisi.org\/friuli-venezia-giulia\/blog\/2022\/01\/27\/gli-assessori-regionali-bini-e-gibelli-incontrano-gli-azzurri-sullo-zoncolan\/mail17tx0017\/'><img loading=\"lazy\" decoding=\"async\" width=\"150\" height=\"150\" src=\"https:\/\/comitati.fisi.org\/friuli-venezia-giulia\/wp-content\/uploads\/sites\/34\/2022\/01\/Mail17Tx0017-150x150.jpg\" class=\"attachment-thumbnail size-thumbnail\" alt=\"\" \/><\/a>\n\t\t\t<\/dt><\/dl><dl class='gallery-item'>\n\t\t\t<dt class='gallery-icon landscape'>\n\t\t\t\t<a href='https:\/\/comitati.fisi.org\/friuli-venezia-giulia\/blog\/2022\/01\/27\/gli-assessori-regionali-bini-e-gibelli-incontrano-gli-azzurri-sullo-zoncolan\/mail17tx001703\/'><img loading=\"lazy\" decoding=\"async\" width=\"150\" height=\"150\" src=\"https:\/\/comitati.fisi.org\/friuli-venezia-giulia\/wp-content\/uploads\/sites\/34\/2022\/01\/Mail17Tx001703-150x150.jpg\" class=\"attachment-thumbnail size-thumbnail\" alt=\"\" \/><\/a>\n\t\t\t<\/dt><\/dl><dl class='gallery-item'>\n\t\t\t<dt class='gallery-icon landscape'>\n\t\t\t\t<a href='https:\/\/comitati.fisi.org\/friuli-venezia-giulia\/blog\/2022\/01\/27\/gli-assessori-regionali-bini-e-gibelli-incontrano-gli-azzurri-sullo-zoncolan\/mail17tx001705\/'><img loading=\"lazy\" decoding=\"async\" width=\"150\" height=\"150\" src=\"https:\/\/comitati.fisi.org\/friuli-venezia-giulia\/wp-content\/uploads\/sites\/34\/2022\/01\/Mail17Tx001705-150x150.jpg\" class=\"attachment-thumbnail size-thumbnail\" alt=\"\" \/><\/a>\n\t\t\t<\/dt><\/dl><dl class='gallery-item'>\n\t\t\t<dt class='gallery-icon landscape'>\n\t\t\t\t<a href='https:\/\/comitati.fisi.org\/friuli-venezia-giulia\/blog\/2022\/01\/27\/gli-assessori-regionali-bini-e-gibelli-incontrano-gli-azzurri-sullo-zoncolan\/mail17tx001704\/'><img loading=\"lazy\" decoding=\"async\" width=\"150\" height=\"150\" src=\"https:\/\/comitati.fisi.org\/friuli-venezia-giulia\/wp-content\/uploads\/sites\/34\/2022\/01\/Mail17Tx001704-150x150.jpg\" class=\"attachment-thumbnail size-thumbnail\" alt=\"\" \/><\/a>\n\t\t\t<\/dt><\/dl><dl class='gallery-item'>\n\t\t\t<dt class='gallery-icon landscape'>\n\t\t\t\t<a href='https:\/\/comitati.fisi.org\/friuli-venezia-giulia\/blog\/2022\/01\/27\/gli-assessori-regionali-bini-e-gibelli-incontrano-gli-azzurri-sullo-zoncolan\/mail17tx001707\/'><img loading=\"lazy\" decoding=\"async\" width=\"150\" height=\"150\" src=\"https:\/\/comitati.fisi.org\/friuli-venezia-giulia\/wp-content\/uploads\/sites\/34\/2022\/01\/Mail17Tx001707-150x150.jpg\" class=\"attachment-thumbnail size-thumbnail\" alt=\"\" \/><\/a>\n\t\t\t<\/dt><\/dl><dl class='gallery-item'>\n\t\t\t<dt class='gallery-icon landscape'>\n\t\t\t\t<a href='https:\/\/comitati.fisi.org\/friuli-venezia-giulia\/blog\/2022\/01\/27\/gli-assessori-regionali-bini-e-gibelli-incontrano-gli-azzurri-sullo-zoncolan\/mail17tx001706\/'><img loading=\"lazy\" decoding=\"async\" width=\"150\" height=\"150\" src=\"https:\/\/comitati.fisi.org\/friuli-venezia-giulia\/wp-content\/uploads\/sites\/34\/2022\/01\/Mail17Tx001706-150x150.jpg\" class=\"attachment-thumbnail size-thumbnail\" alt=\"\" \/><\/a>\n\t\t\t<\/dt><\/dl>\n\t\t<\/div>\n\n","protected":false},"excerpt":{"rendered":"<p>Presenti nella localit\u00e0 sciistica carnica Riccardo Tonetti e Lara Della Mea<\/p>\n","protected":false},"author":4,"featured_media":85157,"comment_status":"closed","ping_status":"closed","sticky":false,"template":"","format":"standard","meta":{"_acf_changed":false,"footnotes":""},"categories":[10,15],"tags":[],"acf":[],"_links":{"self":[{"href":"https:\/\/comitati.fisi.org\/friuli-venezia-giulia\/wp-json\/wp\/v2\/posts\/85156"}],"collection":[{"href":"https:\/\/comitati.fisi.org\/friuli-venezia-giulia\/wp-json\/wp\/v2\/posts"}],"about":[{"href":"https:\/\/comitati.fisi.org\/friuli-venezia-giulia\/wp-json\/wp\/v2\/types\/post"}],"author":[{"embeddable":true,"href":"https:\/\/comitati.fisi.org\/friuli-venezia-giulia\/wp-json\/wp\/v2\/users\/4"}],"replies":[{"embeddable":true,"href":"https:\/\/comitati.fisi.org\/friuli-venezia-giulia\/wp-json\/wp\/v2\/comments?post=85156"}],"version-history":[{"count":0,"href":"https:\/\/comitati.fisi.org\/friuli-venezia-giulia\/wp-json\/wp\/v2\/posts\/85156\/revisions"}],"wp:featuredmedia":[{"embeddable":true,"href":"https:\/\/comitati.fisi.org\/friuli-venezia-giulia\/wp-json\/wp\/v2\/media\/85157"}],"wp:attachment":[{"href":"https:\/\/comitati.fisi.org\/friuli-venezia-giulia\/wp-json\/wp\/v2\/media?parent=85156"}],"wp:term":[{"taxonomy":"category","embeddable":true,"href":"https:\/\/comitati.fisi.org\/friuli-venezia-giulia\/wp-json\/wp\/v2\/categories?post=85156"},{"taxonomy":"post_tag","embeddable":true,"href":"https:\/\/comitati.fisi.org\/friuli-venezia-giulia\/wp-json\/wp\/v2\/tags?post=85156"}],"curies":[{"name":"wp","href":"https:\/\/api.w.org\/{rel}","templated":true}]}}