{"id":85132,"date":"2022-01-27T09:48:22","date_gmt":"2022-01-27T08:48:22","guid":{"rendered":"https:\/\/www.fisifvg.org\/?p=85132"},"modified":"2022-01-27T09:48:22","modified_gmt":"2022-01-27T08:48:22","slug":"tre-giorni-di-sci-e-divertimento-a-forni-di-sopra-con-il-trofeo-biberon","status":"publish","type":"post","link":"https:\/\/comitati.fisi.org\/friuli-venezia-giulia\/blog\/2022\/01\/27\/tre-giorni-di-sci-e-divertimento-a-forni-di-sopra-con-il-trofeo-biberon\/","title":{"rendered":"Tre giorni di sci e divertimento a Forni di Sopra con il Trofeo Biberon"},"content":{"rendered":"<p>Si scaldano i motori della macchina organizzativa dello Sci club 70 a pochi giorni dalla trentottesima edizione (diciassettesima internazionale) del Trofeo Biberon. L&#8217;appuntamento si terr\u00e0, come tradizione, a Forni di Sopra, nelle dolomiti friulane, patrimonio UNESCO, nel primo fine settimana di febbraio, dal 4 al 6.<\/p>\n<p>Sar\u00e0 un weekend ricco di gare dedicate come sempre ai Pulcini (categorie Superbaby 2014-15, Baby 2012-13 e Cuccioli 2010-11), che si cimenteranno lungo i tracciati della \u201cCimacuta\u201d. Tra le novit\u00e0, il team event previsto per domenica 6 con il gigante parallelo a squadre, mentre \u00e8 confermata la gara di gimkana cross di fondo dopo il grande successo della passata edizione. Quest&#8217;anno ritornano le delegazioni straniere con alcune rappresentative dei paesi dell&#8217;est Europa.<\/p>\n<p>Il programma ufficiale prevede venerd\u00ec 4 febbraio lo slalom (Baby e Cuccioli), sabato 5 il gigante (Superbaby, Baby e Cuccioli) e la gimkana cross (Superbaby, Baby e Cuccioli), domenica 6 il gigante parallelo a squadre (Cuccioli). Le premiazioni si svolgeranno direttamente al parterre d&#8217;arrivo, al termine di ogni singola sezione femminile e maschile. L&#8217;evento si svolger\u00e0 secondo i protocolli FISI e le direttive governative e regionali legate al Xovid-19.<\/p>\n<p>Tutte le gare e premiazioni verranno trasmesse in diretta streaming sulla pagina facebook e sul sito internet dello Sci club 70.<\/p>\n<p>Il Trofeo Biberon 2022 sar\u00e0 anche la prima tappa nazionale del circuito Energia Pura Kids Series (Cuccioli) e uno degli appuntamenti del Winter Tour di PromoTurismoFVG con il motorhome \u201cIo sono Friuli Venezia Giulia\u201d sul quale si terranno alcune cerimonie di benvenuto, coinvolgendo il territorio per la promozione dell&#8217;enogastronomia locale e il merchandising del marchio \u201cIo sono Friuli Venezia Giulia\u201d.<\/p>\n<p>Il Trofeo Biberon, che ha ricevuto il patrocinio della Regione FVG e del Comune di Forni di Sopra, \u00e8 organizzato in collaborazione con il CONI e la Federazione italiana sport invernali e con il sostegno di PromoTurismoFVG e il supporto di prestigiosi partner.<\/p>\n<p>Tutte le informazioni relative all&#8217;evento sono disponibili su <a href=\"http:\/\/www.sciclub70.com\">www.sciclub70.com<\/a> e sui social media dello Sci club 70, ricordando che le iscrizioni devono essere fatte utilizzando esclusivamente il sistema FISIonline. Per ci\u00f2 che concerne le gare di sci alpino, la scadenza \u00e8 fissata per le ore 14:00 di gioved\u00ec 3 febbraio, mentre per lo sci nordico venerd\u00ec 4 febbraio sempre entro le ore 14:00.<\/p>\n<p><a href=\"https:\/\/www.fisifvg.org\/wp-content\/uploads\/2019\/11\/BIBERON22-Programma-SPECIALE_04_02_2022.pdf\">PROGRAMMA SLALOM 4 FEBBRAIO<\/a><br \/>\n<a href=\"https:\/\/www.fisifvg.org\/wp-content\/uploads\/2019\/11\/BIBERON22-Programma-GIGANTE-OK.pdf\">PROGRAMMA GIGANTE 5 FEBBRAIO<\/a><br \/>\n<a href=\"https:\/\/www.fisifvg.org\/wp-content\/uploads\/2018\/11\/BIBERON22-Programma-NORDICO-OK.pdf\">PROGRAMMA SCI FONDO 5 FEBBRAIO<\/a><br \/>\n<a href=\"https:\/\/www.fisifvg.org\/wp-content\/uploads\/2019\/11\/BIBERON22-Programma-TEAM-EVENT_06_02_2022.pdf\">PROGRAMMA TEAM EVENT\u00a0 FEBBRAIO<\/a><\/p>\n<p><a href=\"https:\/\/www.fisifvg.org\/wp-content\/uploads\/2019\/11\/Questionario-sulla-salute-10-01-2022.pdf\">Questionario sulla salute<\/a><br \/>\n<a href=\"https:\/\/www.fisifvg.org\/wp-content\/uploads\/2019\/11\/Health-Questionnaire-v.-10-01-2022-1.pdf\">Health Questionnaire<\/a><br \/>\n<a href=\"https:\/\/www.fisifvg.org\/wp-content\/uploads\/2018\/11\/TRACCIAMENTO-COVID.pdf\">TRACCIAMENTO COVID<\/a><br \/>\n<a href=\"https:\/\/www.fisifvg.org\/wp-content\/uploads\/2018\/11\/WhatsApp-Image-2022-01-25-at-18.08.27-1.pdf\">TRACCIATO GARA FONDO<\/a><\/p>\n<p style=\"text-align: center\"><strong>IL SALUTO DEL PRESIDENTE DELLA FISI FVG MAURIZIO DUNNOHOFER<\/strong><\/p>\n<div class=\"x-video player\" data-x-element-mejs><div class=\"x-video-inner\"><video class=\"x-mejs x-wp-video-shortcode advanced-controls\" id=\"video-85132-1\" width=\"1280\" height=\"720\" preload=\"metadata\" controls=\"controls\"><source type=\"video\/mp4\" src=\"http:\/\/comitati.fisi.org\/friuli-venezia-giulia\/wp-content\/uploads\/sites\/34\/2022\/01\/Trofeo-Biberon-2022-Video-saluto-Dunnhofer.mp4?_=1\" \/><\/video><\/div><\/div>\n","protected":false},"excerpt":{"rendered":"<p>Sar\u00e0 un weekend ricco di gare dedicate come sempre ai Pulcini<\/p>\n","protected":false},"author":4,"featured_media":85133,"comment_status":"closed","ping_status":"closed","sticky":false,"template":"","format":"standard","meta":{"_acf_changed":false,"footnotes":""},"categories":[15,11],"tags":[],"acf":[],"_links":{"self":[{"href":"https:\/\/comitati.fisi.org\/friuli-venezia-giulia\/wp-json\/wp\/v2\/posts\/85132"}],"collection":[{"href":"https:\/\/comitati.fisi.org\/friuli-venezia-giulia\/wp-json\/wp\/v2\/posts"}],"about":[{"href":"https:\/\/comitati.fisi.org\/friuli-venezia-giulia\/wp-json\/wp\/v2\/types\/post"}],"author":[{"embeddable":true,"href":"https:\/\/comitati.fisi.org\/friuli-venezia-giulia\/wp-json\/wp\/v2\/users\/4"}],"replies":[{"embeddable":true,"href":"https:\/\/comitati.fisi.org\/friuli-venezia-giulia\/wp-json\/wp\/v2\/comments?post=85132"}],"version-history":[{"count":0,"href":"https:\/\/comitati.fisi.org\/friuli-venezia-giulia\/wp-json\/wp\/v2\/posts\/85132\/revisions"}],"wp:featuredmedia":[{"embeddable":true,"href":"https:\/\/comitati.fisi.org\/friuli-venezia-giulia\/wp-json\/wp\/v2\/media\/85133"}],"wp:attachment":[{"href":"https:\/\/comitati.fisi.org\/friuli-venezia-giulia\/wp-json\/wp\/v2\/media?parent=85132"}],"wp:term":[{"taxonomy":"category","embeddable":true,"href":"https:\/\/comitati.fisi.org\/friuli-venezia-giulia\/wp-json\/wp\/v2\/categories?post=85132"},{"taxonomy":"post_tag","embeddable":true,"href":"https:\/\/comitati.fisi.org\/friuli-venezia-giulia\/wp-json\/wp\/v2\/tags?post=85132"}],"curies":[{"name":"wp","href":"https:\/\/api.w.org\/{rel}","templated":true}]}}