{"id":85130,"date":"2022-01-27T09:35:14","date_gmt":"2022-01-27T08:35:14","guid":{"rendered":"https:\/\/www.fisifvg.org\/?p=85130"},"modified":"2022-01-27T09:35:14","modified_gmt":"2022-01-27T08:35:14","slug":"la-neve-scarseggia-ma-la-transcavallo-2022-e-confermata","status":"publish","type":"post","link":"https:\/\/comitati.fisi.org\/friuli-venezia-giulia\/blog\/2022\/01\/27\/la-neve-scarseggia-ma-la-transcavallo-2022-e-confermata\/","title":{"rendered":"La neve scarseggia, ma la Transcavallo 2022 \u00e8 confermata"},"content":{"rendered":"<p>Dopo un inizio di stagione \u201cnevoso\u201d sulle montagne del Alpago, al confine tra Veneto e Friuli Venezia Giulia, come su tutte le Alpi, la neve ha iniziato a scarseggiare. Le temperature elevate di fine dicembre e la mancanza totale di precipitazioni nevose hanno trasformato quello che sembrava essere l\u2019inverno perfetto in una primavera anticipata.<br \/>\n\u00abNei versanti a Sud, &#8211; ha raccontato Vittorio Romor &#8211; la neve \u00e8 veramente poca, possiamo vedere con i nostri occhi la situazione in cui versano le nostre montagne. Per fortuna le temperature non sono cos\u00ec elevate e quella poca neve che c\u2019\u00e8 sta resistendo, ma la situazione un po\u2019 ci preoccupa, soprattutto perch\u00e9 i vari modelli previsionali non annunciano nessuna perturbazione nevosa in arrivo. Forse nei primi giorni di febbraio potrebbe cambiare qualcosa, ma non vedo nulla di interessante\u00bb.<br \/>\n\u00abIn ogni caso &#8211; ha continuato Romor &#8211; la macchina organizzativa della Transcavallo sta lavorando a pieno regime, le iscrizioni arrivano in segreteria quotidianamente anche se rispetto alle passate edizioni c\u2019\u00e8 un rallentamento, questo \u00e8 dovuto proprio dalla scarsit\u00e0 di neve che sussiste in tutte le Alpi. Sulla carta abbiamo gi\u00e0 predisposto un piano \u201cB\u201d, come per i Mondiali del 2017, il campo di gara per entrambe le competizioni potrebbe essere la Val Salatis. La Valle iridata ci permetter\u00e0 di disegnare un percorso tecnico, alpinistico e divertente ricalcando proprio le tracce del Mondiale con circa 22 chilometri di sviluppo e circa 2500 metri di dislivello positivo\u00bb.<br \/>\nI giorni che mancano al via sono ancora parecchi e non tutte le speranze di correre lungo il percorso originale sono perse, calcolando che in caso di necessit\u00e0 la gara potr\u00e0 essere posticipata a domenica 20 febbraio.<br \/>\nLa 39^ Transcavallo sar\u00e0\u00a0una competizione affiliata al mitico circuito de La Grande Course, quindi prima di iscriversi gli atleti dovranno registrarsi (gratuitamente) al sito\u00a0<a href=\"https:\/\/areaphoto.us12.list-manage.com\/track\/click?u=dc30bb2f1f8f67c75795a6d21&amp;id=9353877dc1&amp;e=eb27d848cb\" target=\"_blank\" rel=\"noopener\" data-saferedirecturl=\"https:\/\/www.google.com\/url?q=https:\/\/areaphoto.us12.list-manage.com\/track\/click?u%3Ddc30bb2f1f8f67c75795a6d21%26id%3D9353877dc1%26e%3Deb27d848cb&amp;source=gmail&amp;ust=1643349775902000&amp;usg=AOvVaw0Vo9jNDSGk_nwEj4A32rHl\">www.grandecourse.com<\/a>.<br \/>\nOltre alla classica competizione a squadre, in programma dal 4 al 6 marzo 2022 sulle nevi di Piancavallo, il Comitato Transcavallo in sinergia con PromoTurismoFVG, organizzer\u00e0 il Mondiale Master ISMF. Occhi puntati al cielo e dita incrociate; basteranno pi\u00f9 di 40 giorni per avere una copiosa nevicata?<\/p>\n<p>Tutte le info con iscrizioni su\u00a0<a href=\"https:\/\/areaphoto.us12.list-manage.com\/track\/click?u=dc30bb2f1f8f67c75795a6d21&amp;id=a14cf3283e&amp;e=eb27d848cb\" target=\"_blank\" rel=\"noopener\" data-saferedirecturl=\"https:\/\/www.google.com\/url?q=https:\/\/areaphoto.us12.list-manage.com\/track\/click?u%3Ddc30bb2f1f8f67c75795a6d21%26id%3Da14cf3283e%26e%3Deb27d848cb&amp;source=gmail&amp;ust=1643349775902000&amp;usg=AOvVaw2VD0wuncQ1PDi9WVfC4N2Y\">www.transcavallo.it<\/a>.<\/p>\n","protected":false},"excerpt":{"rendered":"<p>E&#8217; stato predisposto un piano \u201cB\u201d, come per i Mondiali del 2017, e il campo di gara potrebbe essere la Val Salatis<\/p>\n","protected":false},"author":4,"featured_media":36042,"comment_status":"closed","ping_status":"closed","sticky":false,"template":"","format":"standard","meta":{"_acf_changed":false,"footnotes":""},"categories":[19],"tags":[],"acf":[],"_links":{"self":[{"href":"https:\/\/comitati.fisi.org\/friuli-venezia-giulia\/wp-json\/wp\/v2\/posts\/85130"}],"collection":[{"href":"https:\/\/comitati.fisi.org\/friuli-venezia-giulia\/wp-json\/wp\/v2\/posts"}],"about":[{"href":"https:\/\/comitati.fisi.org\/friuli-venezia-giulia\/wp-json\/wp\/v2\/types\/post"}],"author":[{"embeddable":true,"href":"https:\/\/comitati.fisi.org\/friuli-venezia-giulia\/wp-json\/wp\/v2\/users\/4"}],"replies":[{"embeddable":true,"href":"https:\/\/comitati.fisi.org\/friuli-venezia-giulia\/wp-json\/wp\/v2\/comments?post=85130"}],"version-history":[{"count":0,"href":"https:\/\/comitati.fisi.org\/friuli-venezia-giulia\/wp-json\/wp\/v2\/posts\/85130\/revisions"}],"wp:featuredmedia":[{"embeddable":true,"href":"https:\/\/comitati.fisi.org\/friuli-venezia-giulia\/wp-json\/wp\/v2\/media\/36042"}],"wp:attachment":[{"href":"https:\/\/comitati.fisi.org\/friuli-venezia-giulia\/wp-json\/wp\/v2\/media?parent=85130"}],"wp:term":[{"taxonomy":"category","embeddable":true,"href":"https:\/\/comitati.fisi.org\/friuli-venezia-giulia\/wp-json\/wp\/v2\/categories?post=85130"},{"taxonomy":"post_tag","embeddable":true,"href":"https:\/\/comitati.fisi.org\/friuli-venezia-giulia\/wp-json\/wp\/v2\/tags?post=85130"}],"curies":[{"name":"wp","href":"https:\/\/api.w.org\/{rel}","templated":true}]}}