{"id":85114,"date":"2022-01-26T15:18:13","date_gmt":"2022-01-26T14:18:13","guid":{"rendered":"https:\/\/www.fisifvg.org\/?p=85114"},"modified":"2022-01-26T15:18:13","modified_gmt":"2022-01-26T14:18:13","slug":"inaugurato-il-nuovo-centro-biathlon-di-piancavallo","status":"publish","type":"post","link":"https:\/\/comitati.fisi.org\/friuli-venezia-giulia\/blog\/2022\/01\/26\/inaugurato-il-nuovo-centro-biathlon-di-piancavallo\/","title":{"rendered":"Inaugurato il nuovo Centro Biathlon di Piancavallo"},"content":{"rendered":"<p><em><strong>Proponiamo il comunicato dell&#8217;Ufficio Stampa della Regione FVG.<\/strong><\/em><\/p>\n<p>&#8220;Con circa 70 mila ingressi, Piancavallo raggiunge un successo frutto di un gioco di squadra e servizi di qualit\u00e0. Abbiamo riservato alla localit\u00e0 un piano di investimenti di oltre 5 milioni di euro per migliorare l&#8217;offerta turistica del polo sciistico&#8221;.<\/p>\n<p>Lo ha detto l&#8217;assessore regionale al Turismo, Sergio Emidio Bini, in occasione della visita al polo sciistico di Piancavallo assieme al sindaco del Comune di Aviano, Ilario De Marco, con l&#8217;assessore comunale al turismo Danilo Signore, il direttore generale di PromoturismoFvg Antonio Bravo e alcuni consiglieri regionali.<\/p>\n<p>&#8220;Dal 4 dicembre scorso, inizio della stagione, al 20 gennaio, 66.963 sciatori hanno premiato la localit\u00e0 regionale scegliendola &#8211; ha comunicato Bini -: \u00e8 un dato che testimonia l&#8217;incremento (+63%) rispetto alla stessa data della stagione invernale 2019-20 quando gli ingressi erano 41.235 e rispetto al 2018-19 (+21%) con 54.978 giornate di sci&#8221;.<\/p>\n<div id=\"attachment_85116\" style=\"width: 510px\" class=\"wp-caption alignright\"><a href=\"http:\/\/comitati.fisi.org\/friuli-venezia-giulia\/wp-content\/uploads\/sites\/34\/2022\/01\/Mail17Tx001001.jpg\"><img loading=\"lazy\" decoding=\"async\" aria-describedby=\"caption-attachment-85116\" class=\"wp-image-85116\" src=\"http:\/\/comitati.fisi.org\/friuli-venezia-giulia\/wp-content\/uploads\/sites\/34\/2022\/01\/Mail17Tx001001-400x400.jpg\" alt=\"\" width=\"500\" height=\"375\" \/><\/a><p id=\"caption-attachment-85116\" class=\"wp-caption-text\">Foto di gruppo al centro biathlon inaugurato oggi<\/p><\/div>\n<p>&#8220;E&#8217; un successo di squadra, frutto di un lavoro corale con l&#8217;amministrazione comunale di Aviano, PromoturismoFvg, che ha recepito gli indirizzi della Giunta regionale, e tutti gli operatori del settore e le associazioni che operano in loco&#8221;.<\/p>\n<p>Oggi \u00e8 stato inaugurato anche il Centro Biathlon, nell&#8217;area Mazzega, la cui gestione \u00e8 affidata allo Sci Club Panorama &#8220;che sta dimostrando efficienza e qualit\u00e0 di gestione&#8221; ha detto Bini, ricordando il buon andamento del parco Nevelandia che registra costantemente il tutto esaurito nei giorni festivi e dello sci di fondo che ha visto un incremento notevole di praticanti.<\/p>\n<p>L&#8217;assessore ha poi ricordato l&#8217;attenzione che la Regione riserva agli eventi. &#8220;Oltre ad ospitare numerose manifestazioni in ambito locale e regionale, Piancavallo ospiter\u00e0 due grandi eventi di portata internazionale: il mondiale master di scialpinismo, dal 4 al 6 marzo, e la Coppa del mondo di snowboard nel week-end 12-13 marzo. Entrambi gli appuntamenti sono supportati in modo importante dalla Regione Fvg attraverso PromoturismoFvg&#8221;.<\/p>\n<p>&#8220;Il piano investimenti da oltre 5 milioni di euro sulla localit\u00e0 pordenonese &#8211; ha sottolineato l&#8217;esponente della Giunta Fedriga &#8211; \u00e8 iniziato con un importante restyling dell&#8217;immagine coordinata della montagna, molto apprezzata dall&#8217;utenza: \u00e8 stato il primo polo oggetto di questo intervento, cos\u00ec come la stazione di partenza della seggiovia Tremol2 che ha aperto il nuovo corso delle &#8216;garitte&#8217;. Un nuovo mezzo battipista, consegnato a novembre 2021 e facente parte della flotta aziendale di 6 mezzi totali, ha permesso di preparare le piste al meglio&#8221;.<\/p>\n<p>In primavera inizieranno importanti lavori di manutenzione straordinaria che riguarderanno la sostituzione della copertura e delle facciate in ardesia dell&#8217;Hotel 1301 Inn, per cui la Regione ha stanziato 450 mila. Verr\u00e0 poi dato corso alla realizzazione di un parco tematico nell&#8217;area del Roncjade. In sinergia con l&#8217;Amministrazione comunale, PromoturismoFvg, inoltre, svilupper\u00e0 ulteriori servizi: dal wellness alla bike, dai parcheggi al downhill.<\/p>\n<p><em><strong>(in copertina l&#8217;assessore regionale Bini impegnato al poligono)<\/strong><\/em><\/p>\n<div class=\"x-video player\" data-x-element-mejs><div class=\"x-video-inner\"><video class=\"x-mejs x-wp-video-shortcode advanced-controls\" id=\"video-85114-1\" width=\"720\" height=\"406\" preload=\"metadata\" controls=\"controls\"><source type=\"video\/mp4\" src=\"http:\/\/comitati.fisi.org\/friuli-venezia-giulia\/wp-content\/uploads\/sites\/34\/2022\/01\/164321107201201-26-BINI-A-PIANCAVALLO-logo.flv.mp4?_=1\" \/><\/video><\/div><\/div>\n<p>&nbsp;<\/p>\n","protected":false},"excerpt":{"rendered":"<p>La gestione \u00e8 affidata allo Sci Club Panorama<\/p>\n","protected":false},"author":4,"featured_media":85115,"comment_status":"closed","ping_status":"closed","sticky":false,"template":"","format":"standard","meta":{"_acf_changed":false,"footnotes":""},"categories":[13,10],"tags":[],"acf":[],"_links":{"self":[{"href":"https:\/\/comitati.fisi.org\/friuli-venezia-giulia\/wp-json\/wp\/v2\/posts\/85114"}],"collection":[{"href":"https:\/\/comitati.fisi.org\/friuli-venezia-giulia\/wp-json\/wp\/v2\/posts"}],"about":[{"href":"https:\/\/comitati.fisi.org\/friuli-venezia-giulia\/wp-json\/wp\/v2\/types\/post"}],"author":[{"embeddable":true,"href":"https:\/\/comitati.fisi.org\/friuli-venezia-giulia\/wp-json\/wp\/v2\/users\/4"}],"replies":[{"embeddable":true,"href":"https:\/\/comitati.fisi.org\/friuli-venezia-giulia\/wp-json\/wp\/v2\/comments?post=85114"}],"version-history":[{"count":0,"href":"https:\/\/comitati.fisi.org\/friuli-venezia-giulia\/wp-json\/wp\/v2\/posts\/85114\/revisions"}],"wp:featuredmedia":[{"embeddable":true,"href":"https:\/\/comitati.fisi.org\/friuli-venezia-giulia\/wp-json\/wp\/v2\/media\/85115"}],"wp:attachment":[{"href":"https:\/\/comitati.fisi.org\/friuli-venezia-giulia\/wp-json\/wp\/v2\/media?parent=85114"}],"wp:term":[{"taxonomy":"category","embeddable":true,"href":"https:\/\/comitati.fisi.org\/friuli-venezia-giulia\/wp-json\/wp\/v2\/categories?post=85114"},{"taxonomy":"post_tag","embeddable":true,"href":"https:\/\/comitati.fisi.org\/friuli-venezia-giulia\/wp-json\/wp\/v2\/tags?post=85114"}],"curies":[{"name":"wp","href":"https:\/\/api.w.org\/{rel}","templated":true}]}}