{"id":85093,"date":"2022-01-26T14:20:00","date_gmt":"2022-01-26T13:20:00","guid":{"rendered":"https:\/\/www.fisifvg.org\/?p=85093"},"modified":"2022-01-26T14:20:00","modified_gmt":"2022-01-26T13:20:00","slug":"luisa-bertani-batte-tutte-nel-gigante-fis-dello-zoncolan","status":"publish","type":"post","link":"https:\/\/comitati.fisi.org\/friuli-venezia-giulia\/blog\/2022\/01\/26\/luisa-bertani-batte-tutte-nel-gigante-fis-dello-zoncolan\/","title":{"rendered":"Luisa Bertani batte tutte nel gigante Fis dello Zoncolan"},"content":{"rendered":"<p>Successo di Luisa Bertani nella prima delle due gare FIS femminili, valide per il GP Italia, organizzate sullo Zoncolan dal Cimenti Sci Carnia.<\/p>\n<p>Nel gigante la 25enne milanese ha preceduto di 27 centesimi Elisa Platino e di 76 Laura Steinmair.<\/p>\n<p>Nona a 1&#8243;41 Lara Della Mea, quarta a met\u00e0 gara; la tarvisiana da oltre 15 mesi non prendeva parte ad una gara fra le porte larghe. Caterina Sinigoi del Devin si \u00e8 piazzata 27a a 4&#8243;24.<\/p>\n<p>Nella categoria Giovani si \u00e8 imposta Sophie Mathiou (quinta assoluta), campionessa mondiale Juniores uscente della specialit\u00e0, con Sinigoi 18a, mentre il primo posto Aspiranti \u00e8 andato a Francesca Carolli.<\/p>\n<p>Gioved\u00ec di nuovo in pista per uno slalom.<\/p>\n<p><a href=\"http:\/\/comitati.fisi.org\/friuli-venezia-giulia\/wp-content\/uploads\/sites\/34\/2022\/01\/Classifica-ufficiale-8.pdf\">Classifica ufficiale<\/a><br \/>\n<a href=\"http:\/\/comitati.fisi.org\/friuli-venezia-giulia\/wp-content\/uploads\/sites\/34\/2022\/01\/Classifica-per-categorie.pdf\">Classifica per categorie<\/a><br \/>\n<a href=\"http:\/\/comitati.fisi.org\/friuli-venezia-giulia\/wp-content\/uploads\/sites\/34\/2022\/01\/START-LIST-SL.pdf\">Start list slalom\u00a0<\/a><\/p>\n<p><em><strong>(nella foto Luisa Bertani)<\/strong><\/em><\/p>\n<p>&nbsp;<\/p>\n","protected":false},"excerpt":{"rendered":"<p>Prima giornata oggi per la tappa del Gran Premio Italia femminile organizzata dal Cimenti Sci Carnia<\/p>\n","protected":false},"author":4,"featured_media":85102,"comment_status":"closed","ping_status":"closed","sticky":false,"template":"","format":"standard","meta":{"_acf_changed":false,"footnotes":""},"categories":[10,15],"tags":[],"acf":[],"_links":{"self":[{"href":"https:\/\/comitati.fisi.org\/friuli-venezia-giulia\/wp-json\/wp\/v2\/posts\/85093"}],"collection":[{"href":"https:\/\/comitati.fisi.org\/friuli-venezia-giulia\/wp-json\/wp\/v2\/posts"}],"about":[{"href":"https:\/\/comitati.fisi.org\/friuli-venezia-giulia\/wp-json\/wp\/v2\/types\/post"}],"author":[{"embeddable":true,"href":"https:\/\/comitati.fisi.org\/friuli-venezia-giulia\/wp-json\/wp\/v2\/users\/4"}],"replies":[{"embeddable":true,"href":"https:\/\/comitati.fisi.org\/friuli-venezia-giulia\/wp-json\/wp\/v2\/comments?post=85093"}],"version-history":[{"count":0,"href":"https:\/\/comitati.fisi.org\/friuli-venezia-giulia\/wp-json\/wp\/v2\/posts\/85093\/revisions"}],"wp:featuredmedia":[{"embeddable":true,"href":"https:\/\/comitati.fisi.org\/friuli-venezia-giulia\/wp-json\/wp\/v2\/media\/85102"}],"wp:attachment":[{"href":"https:\/\/comitati.fisi.org\/friuli-venezia-giulia\/wp-json\/wp\/v2\/media?parent=85093"}],"wp:term":[{"taxonomy":"category","embeddable":true,"href":"https:\/\/comitati.fisi.org\/friuli-venezia-giulia\/wp-json\/wp\/v2\/categories?post=85093"},{"taxonomy":"post_tag","embeddable":true,"href":"https:\/\/comitati.fisi.org\/friuli-venezia-giulia\/wp-json\/wp\/v2\/tags?post=85093"}],"curies":[{"name":"wp","href":"https:\/\/api.w.org\/{rel}","templated":true}]}}