{"id":85023,"date":"2022-01-24T13:38:49","date_gmt":"2022-01-24T12:38:49","guid":{"rendered":"https:\/\/www.fisifvg.org\/?p=85023"},"modified":"2022-01-24T13:38:49","modified_gmt":"2022-01-24T12:38:49","slug":"hans-vaccari-in-gara-nella-mitica-night-race-di-schladming-2","status":"publish","type":"post","link":"https:\/\/comitati.fisi.org\/friuli-venezia-giulia\/blog\/2022\/01\/24\/hans-vaccari-in-gara-nella-mitica-night-race-di-schladming-2\/","title":{"rendered":"Hans Vaccari in gara nella mitica &#8220;Night Race&#8221; di Schladming"},"content":{"rendered":"<p>Una sola variazione di formazione per \u201cThe NightRace\u201d, lo slalom maschile notturno di Schladming in programma marted\u00ec 25 gennaio sulla celebre Planai del tracciato di Schladming.<\/p>\n<p>Sar\u00e0 infatti <strong>Hans Vaccari<\/strong> (pettorale 64, esordio stagionale in Coppa del Mondo per il pontebbano) a sostituire Federico Liberatore, con gli altri sei azzurri che prenderanno parte alla gara notturna che saranno Giuliano Razzoli, Stefano Gross, Manfred Moelgg, Alex Vinatzer, Tommaso Sala e Simon Maurberger.<\/p>\n<p>La squadra azzurra vanta due vittorie in specialit\u00e0 nella localit\u00e0 austriaca con Alberto Tomba nel 1997 e 1998, mentre Stefano Gross \u00e8 giunto secondo nel 2012 e 2015, Manfred Moelgg secondo nel 2004 e terzo nel 2008, Piero Gros terzo nel 1975 e Konrad Kurt Ladstatter terzo nel 1990.<\/p>\n<p>La prima manche sar\u00e0 in programma per le ore 17.45, con la seconda alle 20.45, in diretta Tv su Raisport ed Eurosport.<\/p>\n","protected":false},"excerpt":{"rendered":"<p>Marted\u00ec 25 il pontebbano alla partenza dello slalom pi\u00f9 iconico della Coppa del Mondo<\/p>\n","protected":false},"author":4,"featured_media":55348,"comment_status":"closed","ping_status":"closed","sticky":false,"template":"","format":"standard","meta":{"_acf_changed":false,"footnotes":""},"categories":[10,15],"tags":[],"acf":[],"_links":{"self":[{"href":"https:\/\/comitati.fisi.org\/friuli-venezia-giulia\/wp-json\/wp\/v2\/posts\/85023"}],"collection":[{"href":"https:\/\/comitati.fisi.org\/friuli-venezia-giulia\/wp-json\/wp\/v2\/posts"}],"about":[{"href":"https:\/\/comitati.fisi.org\/friuli-venezia-giulia\/wp-json\/wp\/v2\/types\/post"}],"author":[{"embeddable":true,"href":"https:\/\/comitati.fisi.org\/friuli-venezia-giulia\/wp-json\/wp\/v2\/users\/4"}],"replies":[{"embeddable":true,"href":"https:\/\/comitati.fisi.org\/friuli-venezia-giulia\/wp-json\/wp\/v2\/comments?post=85023"}],"version-history":[{"count":0,"href":"https:\/\/comitati.fisi.org\/friuli-venezia-giulia\/wp-json\/wp\/v2\/posts\/85023\/revisions"}],"wp:featuredmedia":[{"embeddable":true,"href":"https:\/\/comitati.fisi.org\/friuli-venezia-giulia\/wp-json\/wp\/v2\/media\/55348"}],"wp:attachment":[{"href":"https:\/\/comitati.fisi.org\/friuli-venezia-giulia\/wp-json\/wp\/v2\/media?parent=85023"}],"wp:term":[{"taxonomy":"category","embeddable":true,"href":"https:\/\/comitati.fisi.org\/friuli-venezia-giulia\/wp-json\/wp\/v2\/categories?post=85023"},{"taxonomy":"post_tag","embeddable":true,"href":"https:\/\/comitati.fisi.org\/friuli-venezia-giulia\/wp-json\/wp\/v2\/tags?post=85023"}],"curies":[{"name":"wp","href":"https:\/\/api.w.org\/{rel}","templated":true}]}}