{"id":84572,"date":"2022-01-21T16:02:43","date_gmt":"2022-01-21T15:02:43","guid":{"rendered":"https:\/\/www.fisifvg.org\/?p=84572"},"modified":"2022-01-21T16:02:43","modified_gmt":"2022-01-21T15:02:43","slug":"vertical-race-ravascletto-zoncolan-informazioni-utili","status":"publish","type":"post","link":"https:\/\/comitati.fisi.org\/friuli-venezia-giulia\/blog\/2022\/01\/21\/vertical-race-ravascletto-zoncolan-informazioni-utili\/","title":{"rendered":"Le start list della Vertical Race Ravascletto-Zoncolan"},"content":{"rendered":"<p class=\"m_8343656258083981510MsoPlainText\">Tutto pronto per la 10^ edizione della VERTICAL RACE RAVASCLETTO\/ZONCOLAN, Memorial \u201cRudy De Infanti\u201d, in programma per sabato 22 gennaio con partenza da Ravascletto alle ore 19.00. La gara F.I.S.I., organizzata dall\u2019Unione Sportiva <span class=\"il\">ALDO<\/span> <span class=\"il\">MORO<\/span> Paluzza in collaborazione con diverse realt\u00e0 sportive di Ravascletto e la famiglia De Infanti, mette in palio i titoli regionali della disciplina vertical per tutte le categorie. Qualche minuto dopo la partenza dei big, scatter\u00e0 la gara OPEN SCIALPINISMO, la gara riservata ai concorrenti con le CJASPOLE ed a quelli con i RAMPONCINI. Questa \u00e8 la vera novit\u00e0 dell\u2019edizione 2022 che vedr\u00e0 in gara anche questa disciplina.<u><\/u><u><\/u><\/p>\n<p class=\"m_8343656258083981510MsoPlainText\"><b>AGGIORNAMENTO NORME DI PARTECIPAZIONE RELATIVE AL PROTOCOLLO COVID-19 ed alle LEGGI IN VIGORE in merito all\u2019utilizzo degli IMPIANTI SCISTICI.<\/b><\/p>\n<p class=\"m_8343656258083981510MsoPlainText\">Per l\u2019utilizzo della funivia in fase di rientro post gara \u00e8 obbligatorio il GREEN PASS RAFFORZATO e l\u2019utilizzo della mascherina FFP2. In funzione di questo, considerato che il rientro in funivia \u00e8 obbligatorio per chi gareggia con Cjaspe o Ramponcini, per questi atleti \u00e8 di conseguenza obbligatorio partecipare alla gara con GREEN PASS RAFFORZATO. Invece per gli scialpinisti che possono optare per il rientro con gli sci \u00e8 richiesto solo il GREEN PASS BASE. Evidente che se gli scialpinisti optano per scendere con la funivia anche per questi atleti scatta l\u2019obbligo del GRENN PASS RAFFORZATO.<u><\/u><u><\/u><\/p>\n<p class=\"m_8343656258083981510MsoPlainText\"><b>RIEPILOGO ATTIVITA\u2019 PER RITIRO PETTORALE (presso Sportur Hotel).<\/b><\/p>\n<p class=\"m_8343656258083981510MsoPlainText\"><u><\/u>1.\u00a0\u00a0\u00a0 <u><\/u>All\u2019ingresso vengono ammessi previo controllo i possessori di GREEN PASS BASE per gli Scialpinisti e di GREEN PASS RAFFORZATO per coloro che parteciperanno alla gara di Cjaspe e Ramponcini;<br \/>\n<u><\/u><u><\/u><u><\/u>2.\u00a0\u00a0\u00a0 <u><\/u>Controllo temperatura;<br \/>\n<u><\/u><u><\/u><u><\/u>3.\u00a0\u00a0\u00a0 <u><\/u>Compilazione e ritiro del Questionario sulla Salute (per tutti);<br \/>\n<u><\/u><u><\/u><u><\/u>4.\u00a0\u00a0\u00a0 <u><\/u>Compilazione e ritiro dell\u2019Autocertificazione (per tutti esclusi gli atleti F.I.S.I.). Entrambe le dichiarazioni sono scaricabili dal sito della gara;<br \/>\n<u><\/u><u><\/u><u><\/u>5.\u00a0\u00a0\u00a0 <u><\/u>Al termine di queste operazioni verr\u00e0 consegnato:<br \/>\n<u><\/u><u><\/u><u><\/u>\u00a0 a.\u00a0\u00a0\u00a0 <u><\/u>Braccialetto di riconoscimento;<br \/>\nb.\u00a0\u00a0\u00a0 <u><\/u>Cosciale gara;<br \/>\n<u><\/u><u><\/u><u><\/u>\u00a0 c.\u00a0\u00a0\u00a0 <u><\/u>Gadget;<br \/>\n<u><\/u><u><\/u><u><\/u>\u00a0 d.\u00a0\u00a0\u00a0 <u><\/u>Sacchetto per trasporto indumenti.<u><\/u><u><\/u><\/p>\n<p class=\"m_8343656258083981510MsoPlainText\"><b>VARIAZIONE PROGRAMMA<\/b><\/p>\n<p class=\"m_8343656258083981510MsoPlainText\">Al termine della competizione segnaliamo le seguenti modifiche:<u><\/u><u><\/u><\/p>\n<p class=\"m_8343656258083981510MsoPlainText\"><u><\/u>\u00b7\u00a0\u00a0\u00a0\u00a0\u00a0\u00a0\u00a0\u00a0 <u><\/u>PREMIAZIONI sul campo gara;<br \/>\n<u><\/u><u><\/u><u><\/u>\u00b7\u00a0\u00a0\u00a0\u00a0\u00a0\u00a0\u00a0\u00a0 <u><\/u>PASTA PARTY annullato;<br \/>\n<u><\/u><u><\/u><u><\/u>\u00b7\u00a0\u00a0\u00a0\u00a0\u00a0\u00a0\u00a0\u00a0 <u><\/u>ATTIVITA\u2019 di CONTORNO annullate.<u><\/u><\/p>\n<p class=\"m_8343656258083981510MsoPlainText\"><a href=\"http:\/\/comitati.fisi.org\/friuli-venezia-giulia\/wp-content\/uploads\/sites\/34\/2022\/01\/Ordine-di-partenza-FISI.pdf\">Ordine di partenza FISI<\/a><br \/>\n<a href=\"http:\/\/comitati.fisi.org\/friuli-venezia-giulia\/wp-content\/uploads\/sites\/34\/2022\/01\/Ordine-di-partenza-OPEN-RAMPONCINI-E-CJASPOLE.pdf\">Ordine di partenza OPEN RAMPONCINI E CJASPOLE<\/a><\/p>\n","protected":false},"excerpt":{"rendered":"<p>Appuntamento sabato 22 gennaio per l&#8217;organizzazione dell&#8217;Aldo Moro Paluzza<\/p>\n","protected":false},"author":4,"featured_media":84573,"comment_status":"closed","ping_status":"closed","sticky":false,"template":"","format":"standard","meta":{"_acf_changed":false,"footnotes":""},"categories":[10,19],"tags":[],"acf":[],"_links":{"self":[{"href":"https:\/\/comitati.fisi.org\/friuli-venezia-giulia\/wp-json\/wp\/v2\/posts\/84572"}],"collection":[{"href":"https:\/\/comitati.fisi.org\/friuli-venezia-giulia\/wp-json\/wp\/v2\/posts"}],"about":[{"href":"https:\/\/comitati.fisi.org\/friuli-venezia-giulia\/wp-json\/wp\/v2\/types\/post"}],"author":[{"embeddable":true,"href":"https:\/\/comitati.fisi.org\/friuli-venezia-giulia\/wp-json\/wp\/v2\/users\/4"}],"replies":[{"embeddable":true,"href":"https:\/\/comitati.fisi.org\/friuli-venezia-giulia\/wp-json\/wp\/v2\/comments?post=84572"}],"version-history":[{"count":0,"href":"https:\/\/comitati.fisi.org\/friuli-venezia-giulia\/wp-json\/wp\/v2\/posts\/84572\/revisions"}],"wp:featuredmedia":[{"embeddable":true,"href":"https:\/\/comitati.fisi.org\/friuli-venezia-giulia\/wp-json\/wp\/v2\/media\/84573"}],"wp:attachment":[{"href":"https:\/\/comitati.fisi.org\/friuli-venezia-giulia\/wp-json\/wp\/v2\/media?parent=84572"}],"wp:term":[{"taxonomy":"category","embeddable":true,"href":"https:\/\/comitati.fisi.org\/friuli-venezia-giulia\/wp-json\/wp\/v2\/categories?post=84572"},{"taxonomy":"post_tag","embeddable":true,"href":"https:\/\/comitati.fisi.org\/friuli-venezia-giulia\/wp-json\/wp\/v2\/tags?post=84572"}],"curies":[{"name":"wp","href":"https:\/\/api.w.org\/{rel}","templated":true}]}}