{"id":84569,"date":"2022-01-17T14:45:58","date_gmt":"2022-01-17T13:45:58","guid":{"rendered":"https:\/\/www.fisifvg.org\/?p=84569"},"modified":"2022-01-17T14:45:58","modified_gmt":"2022-01-17T13:45:58","slug":"cambio-di-data-per-il-gran-premio-italia-femminile-dello-zoncolan","status":"publish","type":"post","link":"https:\/\/comitati.fisi.org\/friuli-venezia-giulia\/blog\/2022\/01\/17\/cambio-di-data-per-il-gran-premio-italia-femminile-dello-zoncolan\/","title":{"rendered":"Cambio di data per il Gran Premio Italia femminile dello Zoncolan"},"content":{"rendered":"<p>Cambio di data per le due gare FIS femminili dello Zoncolan valide per il Gran Premio Italia, organizzate dal Cimenti Sci Carnia.<\/p>\n<p>Non si svolgeranno nei primi giorni di marzo, come inizialmente stabilito, bens\u00ec alla fine di gennaio.<\/p>\n<p>In particolare mercoled\u00ec 26 si svolger\u00e0 il gigante, gioved\u00ec 27 lo slalom.<\/p>\n<p>La manifestazione assegna il Gran Premio Primacassa.<\/p>\n<p><a href=\"http:\/\/comitati.fisi.org\/friuli-venezia-giulia\/wp-content\/uploads\/sites\/34\/2022\/01\/PROGRAMM.FIS_.gpi_.ZONCOLAN.26.27-01-2022.PRIMACASSA.pdf\">PROGRAMMA<\/a><\/p>\n<p>&nbsp;<\/p>\n","protected":false},"excerpt":{"rendered":"<p>Le gare non si svolgeranno nei primi giorni di marzo, come inizialmente stabilito, bens\u00ec alla fine di gennaio<\/p>\n","protected":false},"author":4,"featured_media":34978,"comment_status":"closed","ping_status":"closed","sticky":false,"template":"","format":"standard","meta":{"_acf_changed":false,"footnotes":""},"categories":[15],"tags":[],"acf":[],"_links":{"self":[{"href":"https:\/\/comitati.fisi.org\/friuli-venezia-giulia\/wp-json\/wp\/v2\/posts\/84569"}],"collection":[{"href":"https:\/\/comitati.fisi.org\/friuli-venezia-giulia\/wp-json\/wp\/v2\/posts"}],"about":[{"href":"https:\/\/comitati.fisi.org\/friuli-venezia-giulia\/wp-json\/wp\/v2\/types\/post"}],"author":[{"embeddable":true,"href":"https:\/\/comitati.fisi.org\/friuli-venezia-giulia\/wp-json\/wp\/v2\/users\/4"}],"replies":[{"embeddable":true,"href":"https:\/\/comitati.fisi.org\/friuli-venezia-giulia\/wp-json\/wp\/v2\/comments?post=84569"}],"version-history":[{"count":0,"href":"https:\/\/comitati.fisi.org\/friuli-venezia-giulia\/wp-json\/wp\/v2\/posts\/84569\/revisions"}],"wp:featuredmedia":[{"embeddable":true,"href":"https:\/\/comitati.fisi.org\/friuli-venezia-giulia\/wp-json\/wp\/v2\/media\/34978"}],"wp:attachment":[{"href":"https:\/\/comitati.fisi.org\/friuli-venezia-giulia\/wp-json\/wp\/v2\/media?parent=84569"}],"wp:term":[{"taxonomy":"category","embeddable":true,"href":"https:\/\/comitati.fisi.org\/friuli-venezia-giulia\/wp-json\/wp\/v2\/categories?post=84569"},{"taxonomy":"post_tag","embeddable":true,"href":"https:\/\/comitati.fisi.org\/friuli-venezia-giulia\/wp-json\/wp\/v2\/tags?post=84569"}],"curies":[{"name":"wp","href":"https:\/\/api.w.org\/{rel}","templated":true}]}}