{"id":84505,"date":"2022-01-16T14:30:59","date_gmt":"2022-01-16T13:30:59","guid":{"rendered":"https:\/\/www.fisifvg.org\/?p=84505"},"modified":"2022-01-16T14:30:59","modified_gmt":"2022-01-16T13:30:59","slug":"quattro-giorni-con-il-gp-italia-di-sci-alpino-a-tarvisio","status":"publish","type":"post","link":"https:\/\/comitati.fisi.org\/friuli-venezia-giulia\/blog\/2022\/01\/16\/quattro-giorni-con-il-gp-italia-di-sci-alpino-a-tarvisio\/","title":{"rendered":"GP Italia a Tarvisio, la start list della prima prova cronometrata di discesa"},"content":{"rendered":"<p dir=\"ltr\">Tutto pronto a Tarvisio sulla pista Di Prampero per la tappa regionale delle gare maschili delle discipline veloci del circuito \u201cGrand Prix Italia\u201d. Lo Sci CAI XXX Ottobre di Trieste, insieme ai delegati FIS e ai tecnici di PromoTurismoFVG, ha ultimato le verifiche tecniche e amministrative e i membri del comitato organizzatore sono pronti ad accogliere, in massima sicurezza, gli atleti italiani e stranieri che in queste settimane hanno fatto pervenire la propria iscrizione.<\/p>\n<p dir=\"ltr\">La competizione \u00e8 riservata alle categorie senior (nati negli anni 2000 e precedenti), giovani (nati dal 2001 al 2005) e aspiranti (nati nel 2004 e 2005). Si inizia luned\u00ec 17 gennaio con le prove cronometrate per le due gare di discesa libera in programma marted\u00ec 18, seguite da quelle di SuperG di mercoled\u00ec 19 e gioved\u00ec 20 gennaio. Verr\u00e0 sempre garantito il rispetto delle normative sanitarie vigenti attraverso la verifica del Green Pass, la misurazione della temperatura, l&#8217;obbligo di indossare la mascherina e di mantenere la distanza sociale. Le gare si terranno a porte chiuse: non \u00e8 infatti permesso l&#8217;accesso al pubblico.<\/p>\n<p dir=\"ltr\">Lo storico sodalizio del capoluogo giuliano ha visto rinnovata la fiducia da parte della FISI e della Regione Autonoma Friuli Venezia Giulia dopo la positiva esperienza, nell\u2019inverno 2021, dell&#8217;organizzazione delle gare del Grand Prix Italia femminile a Sella Nevea.<\/p>\n<p dir=\"ltr\">Tanti gli atleti che hanno aderito a questa competizione internazionale: alla chiusura delle iscrizioni si contano 140 iscritti da 23 Stati, perfino dai lontani ed esotici Azerbaijan, Giappone e Bolivia oltre ai pi\u00f9 tradizionali Svezia, Spagna e Slovenia. Tra gli iscritti tanti i nomi di rilievo, sia italiani sia stranieri, che gareggiano nei massimi circuiti continentali; citiamo a esempio Etxezarreta, Simoni e Sundin, classificati nei primi 10 nelle ultime gare di Coppa Europa. Folta la partecipazione dal Friuli Venezia Giulia; punta di diamante l&#8217;azzurro Luca Taranzano, che in passato ha gareggiato proprio con lo Sci CAI XXX Ottobre, vincitore l&#8217;anno scorso del Grand Prix Italia nella categoria Senior che lo ha proiettato direttamente in squadra nazionale. Al suo fianco saranno presenti anche gli atleti della Squadra del Comitato FVG: i giovani Maddalena, Princi, Severi, Benedetti, Ramicone e Cochetti.<\/p>\n<p dir=\"ltr\"><a href=\"http:\/\/comitati.fisi.org\/friuli-venezia-giulia\/wp-content\/uploads\/sites\/34\/2022\/01\/Start-List-Training.pdf\">Start List prima prova cronometrata<\/a><br \/>\n<a href=\"http:\/\/comitati.fisi.org\/friuli-venezia-giulia\/wp-content\/uploads\/sites\/34\/2022\/01\/Tarvisio-170121-TRA.pdf\">Programma luned\u00ec 17<\/a><\/p>\n<p dir=\"ltr\"><em><strong>(nella foto la riunione all&#8217;Ufficio Gare)<\/strong><\/em><\/p>\n<p dir=\"ltr\">\n","protected":false},"excerpt":{"rendered":"<p>Da luned\u00ec 17 al via la quattro giorni organizzata dallo Sci CAI XXX Ottobre<\/p>\n","protected":false},"author":4,"featured_media":84531,"comment_status":"closed","ping_status":"closed","sticky":false,"template":"","format":"standard","meta":{"_acf_changed":false,"footnotes":""},"categories":[15],"tags":[],"acf":[],"_links":{"self":[{"href":"https:\/\/comitati.fisi.org\/friuli-venezia-giulia\/wp-json\/wp\/v2\/posts\/84505"}],"collection":[{"href":"https:\/\/comitati.fisi.org\/friuli-venezia-giulia\/wp-json\/wp\/v2\/posts"}],"about":[{"href":"https:\/\/comitati.fisi.org\/friuli-venezia-giulia\/wp-json\/wp\/v2\/types\/post"}],"author":[{"embeddable":true,"href":"https:\/\/comitati.fisi.org\/friuli-venezia-giulia\/wp-json\/wp\/v2\/users\/4"}],"replies":[{"embeddable":true,"href":"https:\/\/comitati.fisi.org\/friuli-venezia-giulia\/wp-json\/wp\/v2\/comments?post=84505"}],"version-history":[{"count":0,"href":"https:\/\/comitati.fisi.org\/friuli-venezia-giulia\/wp-json\/wp\/v2\/posts\/84505\/revisions"}],"wp:featuredmedia":[{"embeddable":true,"href":"https:\/\/comitati.fisi.org\/friuli-venezia-giulia\/wp-json\/wp\/v2\/media\/84531"}],"wp:attachment":[{"href":"https:\/\/comitati.fisi.org\/friuli-venezia-giulia\/wp-json\/wp\/v2\/media?parent=84505"}],"wp:term":[{"taxonomy":"category","embeddable":true,"href":"https:\/\/comitati.fisi.org\/friuli-venezia-giulia\/wp-json\/wp\/v2\/categories?post=84505"},{"taxonomy":"post_tag","embeddable":true,"href":"https:\/\/comitati.fisi.org\/friuli-venezia-giulia\/wp-json\/wp\/v2\/tags?post=84505"}],"curies":[{"name":"wp","href":"https:\/\/api.w.org\/{rel}","templated":true}]}}